{"id":16114,"date":"2005-11-03T07:46:10","date_gmt":"2005-11-03T07:46:10","guid":{"rendered":"http:\/\/hinternet.de\/blog\/2005\/11\/francisco-jose-viegas-schatten-der-tiefe\/"},"modified":"2022-06-17T17:53:02","modified_gmt":"2022-06-17T15:53:02","slug":"francisco-jose-viegas-schatten-der-tiefe","status":"publish","type":"post","link":"https:\/\/hinternet.de\/blog\/2005\/11\/francisco-jose-viegas-schatten-der-tiefe\/","title":{"rendered":"Francisco Jos\u00e9 Viegas: Schatten der Tiefe"},"content":{"rendered":"\n<p>Wer Portugal nicht kennt, beschreibt es in einem Wort. Fado. Etwas, das aus Sehnsucht und Traurigkeit gemacht ist. Was sich dahinter verbirgt, davon hat man vielleicht einen genaueren Begriff nach der Lekt\u00fcre von Francisco Jos\u00e9 Viegas\u2019 Krimi \u201eSchatten der Tiefe\u201c. Der Preis, den man daf\u00fcr zu zahlen hat, mag hoch sein, ist aber angemessen.<\/p>\n\n\n\n<!--more-->\n\n\n\n<p>Lissabon 1998. Ein junger Biologe von den Azoren wird ermordet auf dem Gel\u00e4nde der Weltausstellung gefunden, in einem Fischbassin treibend, eines gro\u00dfen Zehs beraubt. Inspektor Jaime Ramos, wegen Unbotm\u00e4\u00dfigkeit von Porto in die Hauptstadt versetzt, ermittelt. Und bald st\u00f6ren weitere unnat\u00fcrliche Todesf\u00e4lle den Ablauf des Spektakels erheblich. Eine mexikanische Kollegin und Geliebte des azorischen Biologen findet ebenso den Tod wie eine Botanikerin, und auf den Azoren selbst wird ein Amerikaner ermordet aufgefunden, der in die Serie zu passen scheint. Die Zeit dr\u00e4ngt, die Oberen dr\u00e4ngen \u2013 kein leichter Fall f\u00fcr Ramos.<\/p>\n\n\n\n<p>Aber ein Kriminalfall, gar kein Zweifel. Warum verliere ich dann aber ganz allm\u00e4hlich das Interesse an seiner Aufkl\u00e4rung? Sch\u00f6n; es geht scheinbar um den \u201eazorischen Drachenkopf\u201c, einen Fisch, dessen Gift als \u201ebiologischer Kampfstoff\u201c genutzt werden kann, so dass sich auch die Amerikaner f\u00fcr diese \u00e4u\u00dferst rare, vielleicht nur als Mythos existierende Spezies interessieren. Das ist alles sehr verwaschen, und auch die Sache mit dem Video \u2013 oder handelt es sich um mehrere? So genau kriege ich das nicht auf die Reihe, und auch welche Rolle die Mexikaner spielen und der tote Amerikaner&#8230; aber da liegt das Kind eh schon im Brunnen. Ich lese keinen Krimi mehr, ich lese einen faszinierenden Roman, der mir aus der Sicht des ermittelnden Inspektors Ramos etwas \u00fcber Portugal erz\u00e4hlt und Fado.<\/p>\n\n\n\n<p>Denn wie Ramos die Welt sieht, ihre Ger\u00e4usche und Ger\u00fcche deutet, das ist durchaus originell, und ich bin bereit, es f\u00fcr typisch portugiesisch zu halten, obwohl es das nat\u00fcrlich nicht sein muss. Im Grunde geht es Ramos wie mir: Der Fall interessiert ihn nicht als Fall. Die Toten interessieren ihn, die Welt, in der sie gelebt haben und gestorben sind, die Atome, aus denen diese Welt besteht.<\/p>\n\n\n\n<p>Und Viegas macht das sehr geschickt. Die Erz\u00e4hlkontinuit\u00e4t wird immer wieder gehemmt, die Geschichte ist ein Tonband, das man vor und zur\u00fcck spult. Begegnungen werden geschildert, dann erst erf\u00e4hrt man,<br \/>welche Bewandtnis es mit ihnen und den Menschen hat, die Ramos auf seine manchmal sehr direkte Art befragt.<\/p>\n\n\n\n<p>Ich gebe zu, dass ich die kriminelle Spannung sehr gerne zu Gunsten dieser \u2013 nun, vielleicht ethnopsychologischen aufgegeben habe. So einer wie Ramos mit seiner Sicht der Dinge, seine Abschweifungen und seinem Sichverhaken in scheinbar Abseitiges ist mir schon lange nicht mehr begegnet, und auch ein Autor wie Viegas, der das alles sehr souver\u00e4n inszeniert, ist wohl so selten wie der azorische Drachenkopf. Der am Ende nat\u00fcrlich eine Rolle bei der Kl\u00e4rung des Falles spielt. Man nimmt sie zur Kenntnis. Aha. So, so. Mehr nicht. Braucht man auch nicht.<\/p>\n\n\n\n<pre class=\"wp-block-preformatted\">Francisco Jos\u00e9 Viegas: Schatten der Tiefe. <br \/>Edition L\u00fcbbe 2005, 301 Seiten, 18 \u20ac<\/pre>\n","protected":false},"excerpt":{"rendered":"<p>Wer Portugal nicht kennt, beschreibt es in einem Wort. Fado. Etwas, das aus Sehnsucht und Traurigkeit gemacht ist. Was sich dahinter verbirgt, davon hat man vielleicht einen genaueren Begriff nach der Lekt\u00fcre von Francisco Jos\u00e9 Viegas\u2019 Krimi \u201eSchatten der Tiefe\u201c. Der Preis, den man daf\u00fcr zu zahlen hat, mag hoch sein, ist aber angemessen.<\/p>\n","protected":false},"author":17,"featured_media":0,"comment_status":"open","ping_status":"open","sticky":false,"template":"","format":"standard","meta":{"ub_ctt_via":"","footnotes":""},"categories":[1070],"tags":[],"class_list":["post-16114","post","type-post","status-publish","format-standard","hentry","category-watching-the-detectives"],"featured_image_src":null,"author_info":{"display_name":"dpr","author_link":"https:\/\/hinternet.de\/blog\/author\/dpr\/"},"_links":{"self":[{"href":"https:\/\/hinternet.de\/blog\/wp-json\/wp\/v2\/posts\/16114","targetHints":{"allow":["GET"]}}],"collection":[{"href":"https:\/\/hinternet.de\/blog\/wp-json\/wp\/v2\/posts"}],"about":[{"href":"https:\/\/hinternet.de\/blog\/wp-json\/wp\/v2\/types\/post"}],"author":[{"embeddable":true,"href":"https:\/\/hinternet.de\/blog\/wp-json\/wp\/v2\/users\/17"}],"replies":[{"embeddable":true,"href":"https:\/\/hinternet.de\/blog\/wp-json\/wp\/v2\/comments?post=16114"}],"version-history":[{"count":0,"href":"https:\/\/hinternet.de\/blog\/wp-json\/wp\/v2\/posts\/16114\/revisions"}],"wp:attachment":[{"href":"https:\/\/hinternet.de\/blog\/wp-json\/wp\/v2\/media?parent=16114"}],"wp:term":[{"taxonomy":"category","embeddable":true,"href":"https:\/\/hinternet.de\/blog\/wp-json\/wp\/v2\/categories?post=16114"},{"taxonomy":"post_tag","embeddable":true,"href":"https:\/\/hinternet.de\/blog\/wp-json\/wp\/v2\/tags?post=16114"}],"curies":[{"name":"wp","href":"https:\/\/api.w.org\/{rel}","templated":true}]}}