{"id":16285,"date":"2005-12-13T00:10:35","date_gmt":"2005-12-12T23:10:35","guid":{"rendered":"http:\/\/hinternet.de\/blog\/2005\/12\/hans-soellner-und-bayaman-sissdem-im-regen\/"},"modified":"2022-07-24T00:58:57","modified_gmt":"2022-07-23T22:58:57","slug":"hans-soellner-und-bayaman-sissdem-im-regen","status":"publish","type":"post","link":"https:\/\/hinternet.de\/blog\/2005\/12\/hans-soellner-und-bayaman-sissdem-im-regen\/","title":{"rendered":"Hans S\u00f6llner und Bayaman&#8216; Sissdem: Im Regen"},"content":{"rendered":"\n<p>Es soll ja Menschen geben, die Ottfried Fischer f\u00fcr ein richtig bayerisches Ur-Viech halten. Wem es nicht reicht, dass es Sat1 allen zeigt, sch\u00e4tzt wahrscheinlich das Urt\u00fcmliche von Hans S\u00f6llner mehr. Der Bad Reichenhaller ist ein global denkender Ur-Bayer und streitet seit Jahren \u00f6ffentlich um sein Recht, zu leben, wie er das will.<\/p>\n\n\n\n<!--more-->\n\n\n\n<p>Dass er daf\u00fcr ausgerechnet in Bayern geblieben ist, macht das Unterfangen etwas z\u00e4h. Die Unterst\u00fctzung seiner Fans ist ihm gewiss und wenn der Rasta-Bayer ruft, lassen sich die Zuh\u00f6rer von ein bisschen Regen nicht abschrecken. Die Doppel-CD (erscheint auch als Doppel-DVD) &#8222;Im Regen&#8220; ist der stimmungsvolle Mitschnitt eines Open-Airs in seiner Heimatstadt, das meteorologisch nicht weiter von Jamaica entfernt sein k\u00f6nnte. Aber seit wann scheren sich Rebellen ums Wetter? S\u00f6llner ist bestens aufgelegt und gemeinsam mit seiner f\u00fcnfk\u00f6pfigen Band begeistert er von Anfang an mit kauzigem Charme und der immer noch frischen Mischung aus Volksmusik und Reggae.<\/p>\n\n\n\n<pre class=\"wp-block-preformatted\">Hans S\u00f6llner und Bayaman' Sissdem: Im Regen (Live)<br \/>Trikont\/Indigo<br \/>V\u00d6: 2.12.2005<\/pre>\n","protected":false},"excerpt":{"rendered":"<p>Es soll ja Menschen geben, die Ottfried Fischer f\u00fcr ein richtig bayerisches Ur-Viech halten. Wem es nicht reicht, dass es Sat1 allen zeigt, sch\u00e4tzt wahrscheinlich das Urt\u00fcmliche von Hans S\u00f6llner mehr. Der Bad Reichenhaller ist ein global denkender Ur-Bayer und streitet seit Jahren \u00f6ffentlich um sein Recht, zu leben, wie er das will.<\/p>\n","protected":false},"author":14,"featured_media":0,"comment_status":"open","ping_status":"open","sticky":false,"template":"","format":"standard","meta":{"ub_ctt_via":"","footnotes":""},"categories":[12],"tags":[],"class_list":["post-16285","post","type-post","status-publish","format-standard","hentry","category-musik"],"featured_image_src":null,"author_info":{"display_name":"Dirk-Michael Mitter","author_link":"https:\/\/hinternet.de\/blog\/author\/dmm\/"},"_links":{"self":[{"href":"https:\/\/hinternet.de\/blog\/wp-json\/wp\/v2\/posts\/16285","targetHints":{"allow":["GET"]}}],"collection":[{"href":"https:\/\/hinternet.de\/blog\/wp-json\/wp\/v2\/posts"}],"about":[{"href":"https:\/\/hinternet.de\/blog\/wp-json\/wp\/v2\/types\/post"}],"author":[{"embeddable":true,"href":"https:\/\/hinternet.de\/blog\/wp-json\/wp\/v2\/users\/14"}],"replies":[{"embeddable":true,"href":"https:\/\/hinternet.de\/blog\/wp-json\/wp\/v2\/comments?post=16285"}],"version-history":[{"count":0,"href":"https:\/\/hinternet.de\/blog\/wp-json\/wp\/v2\/posts\/16285\/revisions"}],"wp:attachment":[{"href":"https:\/\/hinternet.de\/blog\/wp-json\/wp\/v2\/media?parent=16285"}],"wp:term":[{"taxonomy":"category","embeddable":true,"href":"https:\/\/hinternet.de\/blog\/wp-json\/wp\/v2\/categories?post=16285"},{"taxonomy":"post_tag","embeddable":true,"href":"https:\/\/hinternet.de\/blog\/wp-json\/wp\/v2\/tags?post=16285"}],"curies":[{"name":"wp","href":"https:\/\/api.w.org\/{rel}","templated":true}]}}