{"id":16354,"date":"2006-01-18T07:56:18","date_gmt":"2006-01-18T06:56:18","guid":{"rendered":"http:\/\/hinternet.de\/blog\/2006\/01\/anna-ins-gesicht\/"},"modified":"2022-07-05T19:16:59","modified_gmt":"2022-07-05T17:16:59","slug":"anna-ins-gesicht","status":"publish","type":"post","link":"https:\/\/hinternet.de\/blog\/2006\/01\/anna-ins-gesicht\/","title":{"rendered":"Anna: Ins Gesicht"},"content":{"rendered":"\n<p>Eigentlich kein Wunder, dass Anna auf Michy Reinckes Label gelandet ist. Rintintin ist auch die Heimat von Regy Clasen, an die die Hamburgerin Anna zumindest stimmlich erinnert. Auch musikalisch liegen keine Welten dazwischen, aber &#8222;Ins Gesicht&#8220; ist durchweg akustischer als die Alben von Regy Clasen.<\/p>\n\n\n\n<!--more-->\n\n\n\n<p>Viel mehr Referenzen kann man eigentlich nicht aus dem Hut ziehen, wenn man die Songs von Anna beschreiben will. Sie sind deutsch, sie sind sanft, und sie handeln von der Liebe, aber wer jetzt an Annett Louisan &amp; Co denkt, liegt trotzdem voll daneben. Anna schreibt Musik und Texte komplett im Alleingang und hat sich f\u00fcr ihr Deb\u00fct auch auf den Produzentenstuhl gesetzt. Das Ergebnis: 12 mal feiner Pop mit leichten Jazzanleihen und erstaunlich z\u00e4rtlich unironischen Texten.<\/p>\n\n\n\n<p>Manchmal ist man als H\u00f6rer fast peinlich ber\u00fchrt von der Intensit\u00e4t, die das Album ausstrahlt. Bevor es aber zu r\u00fchrselig wird, streut Anna immer wieder kleine, zupackende Songs ein, die sie in Aufbruchsstimmung zeigen (&#8222;Ausflug&#8220; und &#8222;Leinen los&#8220;). Mutig und extrem gelungen.<\/p>\n\n\n\n<pre class=\"wp-block-preformatted\">Anna: Ins Gesicht<br \/>Rintintin\/Indigo<br \/>Link: <a rel=\"noreferrer noopener\" href=\"http:\/\/www.anna-musik.de\" target=\"_blank\">www.anna-musik.de<\/a><br \/>V\u00d6: 14.10.2005<\/pre>\n","protected":false},"excerpt":{"rendered":"<p>Eigentlich kein Wunder, dass Anna auf Michy Reinckes Label gelandet ist. Rintintin ist auch die Heimat von Regy Clasen, an die die Hamburgerin Anna zumindest stimmlich erinnert. Auch musikalisch liegen keine Welten dazwischen, aber &#8222;Ins Gesicht&#8220; ist durchweg akustischer als die Alben von Regy Clasen.<\/p>\n","protected":false},"author":14,"featured_media":0,"comment_status":"open","ping_status":"open","sticky":false,"template":"","format":"standard","meta":{"ub_ctt_via":"","footnotes":""},"categories":[12],"tags":[1095,741,3530,199,2930],"class_list":["post-16354","post","type-post","status-publish","format-standard","hentry","category-musik","tag-deutschsprachig","tag-hamburg","tag-jazz","tag-pop","tag-singer-songwriter"],"featured_image_src":null,"author_info":{"display_name":"Dirk-Michael Mitter","author_link":"https:\/\/hinternet.de\/blog\/author\/dmm\/"},"_links":{"self":[{"href":"https:\/\/hinternet.de\/blog\/wp-json\/wp\/v2\/posts\/16354","targetHints":{"allow":["GET"]}}],"collection":[{"href":"https:\/\/hinternet.de\/blog\/wp-json\/wp\/v2\/posts"}],"about":[{"href":"https:\/\/hinternet.de\/blog\/wp-json\/wp\/v2\/types\/post"}],"author":[{"embeddable":true,"href":"https:\/\/hinternet.de\/blog\/wp-json\/wp\/v2\/users\/14"}],"replies":[{"embeddable":true,"href":"https:\/\/hinternet.de\/blog\/wp-json\/wp\/v2\/comments?post=16354"}],"version-history":[{"count":0,"href":"https:\/\/hinternet.de\/blog\/wp-json\/wp\/v2\/posts\/16354\/revisions"}],"wp:attachment":[{"href":"https:\/\/hinternet.de\/blog\/wp-json\/wp\/v2\/media?parent=16354"}],"wp:term":[{"taxonomy":"category","embeddable":true,"href":"https:\/\/hinternet.de\/blog\/wp-json\/wp\/v2\/categories?post=16354"},{"taxonomy":"post_tag","embeddable":true,"href":"https:\/\/hinternet.de\/blog\/wp-json\/wp\/v2\/tags?post=16354"}],"curies":[{"name":"wp","href":"https:\/\/api.w.org\/{rel}","templated":true}]}}