{"id":16769,"date":"2006-05-24T08:22:55","date_gmt":"2006-05-24T08:22:55","guid":{"rendered":"http:\/\/hinternet.de\/blog\/2006\/05\/neues-von-den-portraetheftchen\/"},"modified":"2022-06-06T22:25:42","modified_gmt":"2022-06-06T20:25:42","slug":"neues-von-den-portraetheftchen","status":"publish","type":"post","link":"https:\/\/hinternet.de\/blog\/2006\/05\/neues-von-den-portraetheftchen\/","title":{"rendered":"Neues von den Portr\u00e4theftchen"},"content":{"rendered":"\n<p>Und zwar das hier: Einige Leute haben mich gefragt, wer denn nach Astrid Paprotta die Ehre habe, dort auf dem Seziertisch zu landen. Ich wei\u00df es noch nicht genau. Horst Eckert w\u00e4re ein Kandidat. Norbert Horst ebenfalls, obwohl der erst zwei Krimis hat, aber vielleicht kommt ja noch einer zur Buchmesse?<\/p>\n\n\n\n<!--more-->\n\n\n\n<p>Und das: Nein, die Krimiportr\u00e4theftchen werden keine automatischen Beweihr\u00e4ucherungen. Um euch zu schockieren: Im ersten Heft \u00fcber die vier Ina-Henkel-Krimis von Astrid Paprotta wird zun\u00e4chst einmal nachgewiesen, dass s\u00e4mtliche Plots eigentlich totaler Schwachsinn sind. \u00c4h&#8230;nee&#8230;w\u00e4ren. H\u00e4tte sie nicht Astrid Paprotta geschrieben, sondern&#8230;(hier beliebigen Namen einsetzen).<br \/>Und zum Schlu\u00df: Es gibt h\u00f6chstens 100 nummerierte Exemplare. Kann sein, dass ich in einem Anfall von Sadismus schon n\u00e4chste Woche die Subskription f\u00fcr beendet erkl\u00e4re &#8211; und dann sind die Z\u00f6gerlichen die Dummen. Also: 24 Seiten, 5 \u20ac all inclusive, alles \u00fcbrigens handgefertigt, sprich: eigenh\u00e4ndig geheftet. Mit Zeichnungen von Raphael W\u00fcnsch. <a href=\"mailto:dpr@hinternet.de\">Hier<\/a> gef\u00e4lligst zu bestellen. Mensch, Mensch, Mensch &#8211; F\u00dcNF Euro&#8230;Porto schon drin&#8230;wollt ihr noch Geld dazu?&#8230; Mehr im \u2192<a href=\"\/weblog\/watching_the_detectives\/Uebersicht\/krimikaufladen\"> Krimikaufladen.<\/a><\/p>\n","protected":false},"excerpt":{"rendered":"<p>Und zwar das hier: Einige Leute haben mich gefragt, wer denn nach Astrid Paprotta die Ehre habe, dort auf dem Seziertisch zu landen. Ich wei\u00df es noch nicht genau. Horst Eckert w\u00e4re ein Kandidat. Norbert Horst ebenfalls, obwohl der erst zwei Krimis hat, aber vielleicht kommt ja noch einer zur Buchmesse?<\/p>\n","protected":false},"author":17,"featured_media":0,"comment_status":"open","ping_status":"open","sticky":false,"template":"","format":"standard","meta":{"ub_ctt_via":"","footnotes":""},"categories":[1070],"tags":[],"class_list":["post-16769","post","type-post","status-publish","format-standard","hentry","category-watching-the-detectives"],"featured_image_src":null,"author_info":{"display_name":"dpr","author_link":"https:\/\/hinternet.de\/blog\/author\/dpr\/"},"_links":{"self":[{"href":"https:\/\/hinternet.de\/blog\/wp-json\/wp\/v2\/posts\/16769","targetHints":{"allow":["GET"]}}],"collection":[{"href":"https:\/\/hinternet.de\/blog\/wp-json\/wp\/v2\/posts"}],"about":[{"href":"https:\/\/hinternet.de\/blog\/wp-json\/wp\/v2\/types\/post"}],"author":[{"embeddable":true,"href":"https:\/\/hinternet.de\/blog\/wp-json\/wp\/v2\/users\/17"}],"replies":[{"embeddable":true,"href":"https:\/\/hinternet.de\/blog\/wp-json\/wp\/v2\/comments?post=16769"}],"version-history":[{"count":0,"href":"https:\/\/hinternet.de\/blog\/wp-json\/wp\/v2\/posts\/16769\/revisions"}],"wp:attachment":[{"href":"https:\/\/hinternet.de\/blog\/wp-json\/wp\/v2\/media?parent=16769"}],"wp:term":[{"taxonomy":"category","embeddable":true,"href":"https:\/\/hinternet.de\/blog\/wp-json\/wp\/v2\/categories?post=16769"},{"taxonomy":"post_tag","embeddable":true,"href":"https:\/\/hinternet.de\/blog\/wp-json\/wp\/v2\/tags?post=16769"}],"curies":[{"name":"wp","href":"https:\/\/api.w.org\/{rel}","templated":true}]}}