{"id":17120,"date":"2006-09-07T08:13:38","date_gmt":"2006-09-07T08:13:38","guid":{"rendered":"http:\/\/hinternet.de\/blog\/2006\/09\/freundliche-hilfestellung\/"},"modified":"2022-06-14T02:57:39","modified_gmt":"2022-06-14T00:57:39","slug":"freundliche-hilfestellung","status":"publish","type":"post","link":"https:\/\/hinternet.de\/blog\/2006\/09\/freundliche-hilfestellung\/","title":{"rendered":"Freundliche Hilfestellung"},"content":{"rendered":"\n<p>Es naht der Herbst, die Krimis fallen. Die bl\u00fchenden und die welken, die wo Krimi draufsteht und die wo Krimi drin ist, obwohl nicht Krimi draufsteht. Da kommt man als Kritiker schon mal in die Bredouille. Aber zum Gl\u00fcck gibt es einen (saarl\u00e4ndischen!) Verlag, der uns \u00dcberforderten die Last der Einordnung von den Schultern nimmt.<\/p>\n\n\n\n<!--more-->\n\n\n\n<p>Es ist der Saarbr\u00fccker Conte Verlag, in dem sehr verdienstvoll eine Jean-Amila-Werkausgabe erscheint, deren erster Band \u201eMond \u00fcber Omaha\u201c es sogar auf die KrimiWelt-Bestenliste geschafft hat. Der zweite Band, \u201eMitleid mit den Ratten\u201c liegt nun ebenfalls vor. Er wurde mit einer \u00e4u\u00dferst hilfreichen Mitteilung der Pressereferentin verschickt, die wir unseren Lesern nicht vorenthalten wollen \u2013 die Mitteilung; nicht die Pressereferentin.<\/p>\n\n\n\n<p><em>\u201eBeim ersten Band, \u201eMond \u00fcber Omaha\u201c, erschienen im August 2005, wurde mancher Orts die Frage gestellt, ob und in wiefern dieses Buch dem Krimigenre zuzuordnen sei.\u201c<\/em><\/p>\n\n\n\n<p>Das ist korrekt. Anl\u00e4sslich meiner \u2192<a href=\"http:\/\/www.hinternet.de\/weblog\/2005\/08\/jean-amila-mond-ueber-omaha.php\">Besprechung des Romans<\/a> hat sich ein kleiner diesbez\u00fcglicher Dialog zwischen Lars von der \u201eKrimicouch\u201c und mir entsponnen. Ob anderswo auch, wei\u00df ich jetzt nicht, aber viel kanns nicht gewesen sein. Doch weiter im Text.<\/p>\n\n\n\n<p><em>\u201eKonnte dies noch gerechtfertigter Gegenstand einer interessanten Diskussion sein, m\u00f6chten wir bei \u201eMitleid mit den Ratten\u201c darauf hinweisen, dass es sich hier tats\u00e4chlich nicht um einen Krimi, sondern um einen roman noir handelt.\u201c<\/em><\/p>\n\n\n\n<p>Hm. Wusste gar nicht, dass das eine das andere ausschlie\u00dft. Und, liebe Pressereferentin, taktisch vielleicht gar nicht so klug, eine \u201einteressante Diskussion\u201c um den Roman abzuw\u00fcrgen, selbst wenn er kein \u201egerechtfertigter Gegenstand\u201c sein sollte.<\/p>\n\n\n\n<p><em>\u201eAllerdings ist die Welt des Verbrechens Schauplatz der Handlung und die d\u00fcstere Stimmung der s\u00e9rie noir stetig sp\u00fcrbar, auch ein Todesfall spielt eine Rolle.\u201c<\/em><\/p>\n\n\n\n<p>Na, jetzt wird\u2019s kompliziert. Kein Krimi, aber die Doofen k\u00f6nnten es vielleicht doch glauben. Niemand wird in einem englischen Landhaus ermordet, kein Sam Spade schleppt Malteser Falken durchs Mankellsche S\u00fcdschweden. Aber irgendwie, naja&#8230;vielleicht doch &#8222;gerechtfertigter Gegenstand&#8220;?<\/p>\n\n\n\n<p><em>\u201eDieser Hinweis sollte weder Ihr Interesse schm\u00e4lern noch Ihr Urteil beeinflussen&#8230;\u201c<\/em><\/p>\n\n\n\n<p>Na, jetzt mal ehrlich, Frau Pressereferentin, warum denn \u00fcberhaupt die freundlichen Hilfestellungen, wenn\u2019s eh nichts bewirken soll? Ach ja, darum:<\/p>\n\n\n\n<p><em>\u201e&#8230;denn letztendlich liegt es bei Ihnen zu entscheiden, ob auch dieser Band wieder eine Chance auf die KrimiWelt-Bestenliste bekommen soll!\u201c<\/em><\/p>\n\n\n\n<p>Nee, nee, bei MIR liegt\u2019s nicht, muss Sie entt\u00e4uschen. Da Sie mich aber irrt\u00fcmlicherweise angesprochen haben, will ich die entsprechenden Informationen gerne an einige mir pers\u00f6nlich bekannte Juroren der Liste weiterleiten und, sind schlie\u00dflich alles besch\u00e4ftigte Leute, gleich die n\u00f6tigen Regieanweisungen geben.<\/p>\n\n\n\n<p>Also, lieber ToGo: Schreiben Sie in Ihr Leseexemplar: \u201eWas ist Krimi? Professor Vogt fragen\u201c. Lieber UNo, w\u00fcrdest du dir bitte \u00fcberlegen, ob ein Todesfall in d\u00fcsterer Stimmung aus einem Krimi, der keiner ist, einen Krimi macht, der von Verlagsseite keiner sein darf, aber dennoch auf die KrimiWelt-Bestenliste soll? Und, ach ja, bester TW: <em>roman noir <\/em>deshalb, weil das Buch einen schwarzen Umschlag hat.<\/p>\n\n\n\n<p><\/p>\n","protected":false},"excerpt":{"rendered":"<p>Es naht der Herbst, die Krimis fallen. Die bl\u00fchenden und die welken, die wo Krimi draufsteht und die wo Krimi drin ist, obwohl nicht Krimi draufsteht. Da kommt man als Kritiker schon mal in die Bredouille. Aber zum Gl\u00fcck gibt es einen (saarl\u00e4ndischen!) Verlag, der uns \u00dcberforderten die Last der Einordnung von den Schultern nimmt.<\/p>\n","protected":false},"author":17,"featured_media":0,"comment_status":"open","ping_status":"open","sticky":false,"template":"","format":"standard","meta":{"ub_ctt_via":"","footnotes":""},"categories":[1070],"tags":[],"class_list":["post-17120","post","type-post","status-publish","format-standard","hentry","category-watching-the-detectives"],"featured_image_src":null,"author_info":{"display_name":"dpr","author_link":"https:\/\/hinternet.de\/blog\/author\/dpr\/"},"_links":{"self":[{"href":"https:\/\/hinternet.de\/blog\/wp-json\/wp\/v2\/posts\/17120","targetHints":{"allow":["GET"]}}],"collection":[{"href":"https:\/\/hinternet.de\/blog\/wp-json\/wp\/v2\/posts"}],"about":[{"href":"https:\/\/hinternet.de\/blog\/wp-json\/wp\/v2\/types\/post"}],"author":[{"embeddable":true,"href":"https:\/\/hinternet.de\/blog\/wp-json\/wp\/v2\/users\/17"}],"replies":[{"embeddable":true,"href":"https:\/\/hinternet.de\/blog\/wp-json\/wp\/v2\/comments?post=17120"}],"version-history":[{"count":0,"href":"https:\/\/hinternet.de\/blog\/wp-json\/wp\/v2\/posts\/17120\/revisions"}],"wp:attachment":[{"href":"https:\/\/hinternet.de\/blog\/wp-json\/wp\/v2\/media?parent=17120"}],"wp:term":[{"taxonomy":"category","embeddable":true,"href":"https:\/\/hinternet.de\/blog\/wp-json\/wp\/v2\/categories?post=17120"},{"taxonomy":"post_tag","embeddable":true,"href":"https:\/\/hinternet.de\/blog\/wp-json\/wp\/v2\/tags?post=17120"}],"curies":[{"name":"wp","href":"https:\/\/api.w.org\/{rel}","templated":true}]}}