{"id":17844,"date":"2007-08-23T11:03:26","date_gmt":"2007-08-23T11:03:26","guid":{"rendered":"http:\/\/hinternet.de\/blog\/2007\/08\/pieke-und-das-falsche-vorbild\/"},"modified":"2022-06-09T10:09:13","modified_gmt":"2022-06-09T08:09:13","slug":"pieke-und-das-falsche-vorbild","status":"publish","type":"post","link":"https:\/\/hinternet.de\/blog\/2007\/08\/pieke-und-das-falsche-vorbild\/","title":{"rendered":"Pieke und das falsche Vorbild"},"content":{"rendered":"\n<figure class=\"wp-block-image\"><a href=\"http:\/\/www.inforadio.de\/static\/dyn2sta_article\/218\/100218_page_1_programmbroadcasting.shtml\"><img decoding=\"async\" src=\"http:\/\/www.hinternet.de\/weblog\/2007\/cover\/pieke.gif\" alt=\"pieke.gif\"\/><\/a><\/figure>\n\n\n\n<p>Beginnen wir ausnahmsweise mit einem Zitat aus \u2192<a href=\"http:\/\/de.wikipedia.org\/wiki\/Skinheads\">Wikipedia<\/a>: <em>&#8222;Polohemden waren von Anfang an Teil der Skinhead-Kleidung. Besonderer Beliebtheit erfreuen sich die Shirts vom englischen Tennisprofi Fred Perry, Sohn eines Baumwollspinners und Politikers, weil er der erste Wimbledon-Sieger war, der der Arbeiterklasse entstammt.&#8220;<\/em><\/p>\n\n\n\n<!--more-->\n\n\n\n<p>Frage: War Fred Perry deshalb ein Skinhead? Zweite Frage: Ist die Firma &#8222;Fred Perry&#8220; zu \u00e4chten, weil man ihren Namensgeber missbraucht? Antworten? Nat\u00fcrlich wie immer in Pieke Biermanns Reportage &#8222;Menschen &#8211; Orte &#8211; Kriminalit\u00e4t&#8220;, wo also diesmal &#8222;Fred Perry und die falschen Fans&#8220; unter die Lupe genommen werden. Wie immer im RBBinfoRADIO 93,1 am Samstag, 25. August 2007 um 11:45 Uhr. Die Wiederholungen um 19:45 und in der folgenden Nacht um 0:45 und 5:45 Uhr. Und f\u00fcr Podcaster: Aufs Bildchen klicken.<\/p>\n\n\n\n<blockquote class=\"wp-block-quote is-layout-flow wp-block-quote-is-layout-flow\"><p>Die Briten staunten nicht schlecht: Da wollen sie 1992 ihren ersten und einzigen deutschen Flagship-Store aufmachen, in Berlin-Mitte nat\u00fcrlich, aber kurz vorher platzt der Mietvertrag &#8211; der Vermieter will keiine \u201crechtsradikalen Umtriebe\u201d provozieren.<\/p><\/blockquote>\n\n\n\n<blockquote class=\"wp-block-quote is-layout-flow wp-block-quote-is-layout-flow\"><p>Dass ausgerechnet Neo-Nazis scharf auf die exquisiten Sportklamotten von \u201cFred Perry\u201d sein sollen \u2013 auf die Idee konnte niemand kommen. Peter Friesenhahn, damals Generalvertreter, ist nach dem ersten Schock froh \u00fcber die neue Adresse in der Fasanenstra\u00dfe \u2013 einer Seitenstra\u00dfe des Ku\u2019Damms, die so \u201cwestlich-dekadent\u201d riecht, dass sie f\u00fcr die Glatzen nicht attraktiv sein kann. Denn die unerw\u00fcnschte Kundschaft kommt vor allem aus der gerade untergegangenen DDR.<\/p><\/blockquote>\n\n\n\n<blockquote class=\"wp-block-quote is-layout-flow wp-block-quote-is-layout-flow\"><p>Als kurz darauf eine SPIEGEL-Story \u00fcber rechtsradikale Umtriebe im Osten erscheint und das Aufmacherfoto Neonazis mit \u201cFred-Perry\u201d-Sachen zeigt, wei\u00df Peter Friesenhahn: Gegen das grotesk falsche Image als \u201crechte Marke\u201d hilft nur, gewitzt die Marktmechanismen zu nutzen.<\/p><\/blockquote>\n\n\n\n<blockquote class=\"wp-block-quote is-layout-flow wp-block-quote-is-layout-flow\"><p>F\u00fcr was die Marke wirklich steht, wieso ausgerechnet Rechte darauf abgefahren sind und die Polizei die Marke deshalb auch weiterhin als \u201cHinweisgeber\u201d einstufen muss, wie \u201cFred Perry\u201d gegen das immer noch von manchen Medien und gewissen Interneth\u00e4ndlern kolportierte falsche Image angeht &#8211; davon erz\u00e4hlt die Sendung.<\/p><\/blockquote>\n","protected":false},"excerpt":{"rendered":"<p>Beginnen wir ausnahmsweise mit einem Zitat aus \u2192Wikipedia: &#8222;Polohemden waren von Anfang an Teil der Skinhead-Kleidung. Besonderer Beliebtheit erfreuen sich die Shirts vom englischen Tennisprofi Fred Perry, Sohn eines Baumwollspinners und Politikers, weil er der erste Wimbledon-Sieger war, der der Arbeiterklasse entstammt.&#8220;<\/p>\n","protected":false},"author":17,"featured_media":0,"comment_status":"open","ping_status":"open","sticky":false,"template":"","format":"standard","meta":{"ub_ctt_via":"","footnotes":""},"categories":[1070],"tags":[],"class_list":["post-17844","post","type-post","status-publish","format-standard","hentry","category-watching-the-detectives"],"featured_image_src":null,"author_info":{"display_name":"dpr","author_link":"https:\/\/hinternet.de\/blog\/author\/dpr\/"},"_links":{"self":[{"href":"https:\/\/hinternet.de\/blog\/wp-json\/wp\/v2\/posts\/17844","targetHints":{"allow":["GET"]}}],"collection":[{"href":"https:\/\/hinternet.de\/blog\/wp-json\/wp\/v2\/posts"}],"about":[{"href":"https:\/\/hinternet.de\/blog\/wp-json\/wp\/v2\/types\/post"}],"author":[{"embeddable":true,"href":"https:\/\/hinternet.de\/blog\/wp-json\/wp\/v2\/users\/17"}],"replies":[{"embeddable":true,"href":"https:\/\/hinternet.de\/blog\/wp-json\/wp\/v2\/comments?post=17844"}],"version-history":[{"count":0,"href":"https:\/\/hinternet.de\/blog\/wp-json\/wp\/v2\/posts\/17844\/revisions"}],"wp:attachment":[{"href":"https:\/\/hinternet.de\/blog\/wp-json\/wp\/v2\/media?parent=17844"}],"wp:term":[{"taxonomy":"category","embeddable":true,"href":"https:\/\/hinternet.de\/blog\/wp-json\/wp\/v2\/categories?post=17844"},{"taxonomy":"post_tag","embeddable":true,"href":"https:\/\/hinternet.de\/blog\/wp-json\/wp\/v2\/tags?post=17844"}],"curies":[{"name":"wp","href":"https:\/\/api.w.org\/{rel}","templated":true}]}}