{"id":20891,"date":"2008-01-17T08:23:10","date_gmt":"2008-01-17T08:23:10","guid":{"rendered":"http:\/\/hinternet.de\/blog\/2008\/01\/wer-hats-gehoert\/"},"modified":"2022-06-09T11:19:33","modified_gmt":"2022-06-09T09:19:33","slug":"wer-hats-gehoert","status":"publish","type":"post","link":"https:\/\/hinternet.de\/blog\/2008\/01\/wer-hats-gehoert\/","title":{"rendered":"Wer hat&#8217;s geh\u00f6rt?"},"content":{"rendered":"\n<p><em>&#8222;Ganz nett, bisschen betulich&#8220; <\/em>fand \u2192<a href=\"http:\/\/www.krimiblog.de\/925\/hort-hort.html\">Kollege Ludger<\/a> den Start des Radio-Tatorts. Angesichts des im Vorfeld veranstalteten Brimboriums (&#8222;Revolution!&#8220;) eine eher ern\u00fcchternde Kritik. Andere Meinungen? Best\u00e4tigungen?<\/p>\n\n\n\n<!--more-->\n\n\n\n<p>Es ist n\u00e4mlich so: Auch im Krimijahrbuch 2008 werden wir uns des Themas widmen, in einem Artikel gar jenem &#8222;Emir&#8220;, mit dem gestern abend alles begann. Vielleicht ist es m\u00f6glich, ein, zwei Seitchen H\u00f6rerInnenkritik dranzuh\u00e4ngen, ich tue jedenfalls mein Bestes, nur muss diese Kritik erst einmal da sein. Selbst konnte ich gestern noch nicht h\u00f6ren, werde das aber \u00fcbers Wochenende nachholen.<\/p>\n\n\n\n<p>Immerhin: Gestern abend berichtete auch die t\u00e4gliche Regionalsendung meines &#8222;Heimatsenders&#8220; \u00fcber das Ereignis, nat\u00fcrlich mit Schwerpunkt auf dem saarl\u00e4ndischen Beitrag. Und was es da so zu h\u00f6ren gab, stimmt mich eher pessimistisch. Wieder einmal tr\u00e4gt der Protagonist einen franz\u00f6sischen Nachnamen, er ist Saarl\u00e4nder und arbeitet mit einer zugezogenen Kollegin zusammen, der er die saarl\u00e4ndischen Besonderheiten peu \u00e0 peu verklickern will. Hm. Das erinnert nun sehr an den Fernsehtatort des SR, wo ein unglaublich nerviger Kommissar mit franz\u00f6sischem Nachnamen unglaublich dr\u00f6ge F\u00e4lle aufzukl\u00e4ren hatte, in denen fast immer ein Bezug zum Nachbarland hergestellt wurde &#8211; etwas, das im Alltag so gut wie nie vorkommt.<\/p>\n\n\n\n<p>Also: Berichtet mal. Ich guck dann, ob man einen kleinen Zitatenkranz f\u00fcrs KJB draus flechten kann. Wenn wir noch Platz haben.<\/p>\n\n\n\n<p><\/p>\n","protected":false},"excerpt":{"rendered":"<p>&#8222;Ganz nett, bisschen betulich&#8220; fand \u2192Kollege Ludger den Start des Radio-Tatorts. Angesichts des im Vorfeld veranstalteten Brimboriums (&#8222;Revolution!&#8220;) eine eher ern\u00fcchternde Kritik. Andere Meinungen? Best\u00e4tigungen?<\/p>\n","protected":false},"author":17,"featured_media":0,"comment_status":"open","ping_status":"open","sticky":false,"template":"","format":"standard","meta":{"ub_ctt_via":"","footnotes":""},"categories":[1070],"tags":[],"class_list":["post-20891","post","type-post","status-publish","format-standard","hentry","category-watching-the-detectives"],"featured_image_src":null,"author_info":{"display_name":"dpr","author_link":"https:\/\/hinternet.de\/blog\/author\/dpr\/"},"_links":{"self":[{"href":"https:\/\/hinternet.de\/blog\/wp-json\/wp\/v2\/posts\/20891","targetHints":{"allow":["GET"]}}],"collection":[{"href":"https:\/\/hinternet.de\/blog\/wp-json\/wp\/v2\/posts"}],"about":[{"href":"https:\/\/hinternet.de\/blog\/wp-json\/wp\/v2\/types\/post"}],"author":[{"embeddable":true,"href":"https:\/\/hinternet.de\/blog\/wp-json\/wp\/v2\/users\/17"}],"replies":[{"embeddable":true,"href":"https:\/\/hinternet.de\/blog\/wp-json\/wp\/v2\/comments?post=20891"}],"version-history":[{"count":0,"href":"https:\/\/hinternet.de\/blog\/wp-json\/wp\/v2\/posts\/20891\/revisions"}],"wp:attachment":[{"href":"https:\/\/hinternet.de\/blog\/wp-json\/wp\/v2\/media?parent=20891"}],"wp:term":[{"taxonomy":"category","embeddable":true,"href":"https:\/\/hinternet.de\/blog\/wp-json\/wp\/v2\/categories?post=20891"},{"taxonomy":"post_tag","embeddable":true,"href":"https:\/\/hinternet.de\/blog\/wp-json\/wp\/v2\/tags?post=20891"}],"curies":[{"name":"wp","href":"https:\/\/api.w.org\/{rel}","templated":true}]}}