{"id":20965,"date":"2008-03-13T15:50:09","date_gmt":"2008-03-13T15:50:09","guid":{"rendered":"http:\/\/hinternet.de\/blog\/2008\/03\/pieke-wird-wild\/"},"modified":"2022-06-17T19:52:42","modified_gmt":"2022-06-17T17:52:42","slug":"pieke-wird-wild","status":"publish","type":"post","link":"https:\/\/hinternet.de\/blog\/2008\/03\/pieke-wird-wild\/","title":{"rendered":"Pieke wird wild"},"content":{"rendered":"\n<figure class=\"wp-block-image\"><a href=\"http:\/\/www.inforadio.de\/static\/dyn2sta_article\/218\/100218_page_1_programmbroadcasting.shtml\"><img decoding=\"async\" src=\"http:\/\/www.hinternet.de\/weblog\/2007\/cover\/pieke.gif\" alt=\"pieke.gif\"\/><\/a><\/figure>\n\n\n\n<p>Nicht dass Pieke Biermann jemals lammfromm gewesen w\u00e4re&#8230; Angesichts der ideologisch dominierten Diskussion um Jugendgewalt- und kriminalit\u00e4t schwillt ihr aber ganz geh\u00f6rig der Kamm. In ihrer neuen Kriminalreportage fragt sie bei Praktikern nach, was aus den &#8222;wilden Kerlchen&#8220; wird, wenn sich die Staatsgewalt ihrer bem\u00e4chtigt hat. Zu h\u00f6ren am Freitag, 14. M\u00e4rz 2008, im RBB-Inforadio 93,1 um 10:27 und 13:27 Uhr (Wiederholungen Sonntag 13:45 und 18:45 und Montagnacht 04:45 Uhr), nachzulesen im TAGESSPIEGEL am Samstag, 15. M\u00e4rz 2008. Dort eventuell unter einem anderen Titel. Oder, man braucht es kaum noch zu erw\u00e4hnen, aufs Radio geklickt.<\/p>\n\n\n\n<!--more-->\n\n\n\n<blockquote class=\"wp-block-quote is-layout-flow wp-block-quote-is-layout-flow\"><p><strong>&#8212;ZWISCHENSTOPP F\u00dcR WILDE KERLCHEN&#8212;<\/strong><\/p><\/blockquote>\n\n\n\n<blockquote class=\"wp-block-quote is-layout-flow wp-block-quote-is-layout-flow\"><p>Wer zur Zeit in Deutschland \u00f6ffentlich \u00fcber Jugendgewalt und -kriminalit\u00e4t redet, tritt schnell auf vermintes Gel\u00e4nde. Erst recht, wenn die jeweiligen T\u00e4ter aus einem \u201cMigrationshintergrund\u201d kommen \u2013 oder genauer gesagt: aus dem nie rausgekommen sind.<\/p><\/blockquote>\n\n\n\n<blockquote class=\"wp-block-quote is-layout-flow wp-block-quote-is-layout-flow\"><p>Auf rechts geb\u00fcrstete Politiker und Publizisten mit Hang zum Ideologischen schreien dann gern nach MEHR H\u00c4RTE! und WEGSPERREN! und stellen eine angeblich linsromantische LASCHE JUSTIZ unter Generalverdacht. Ihre linken Pendants mit Hang zum bequemen, konfliktscheuen Multi-Kulti-Kitsch greifen schnell zur RASSISMUS-KEULE.<\/p><\/blockquote>\n\n\n\n<blockquote class=\"wp-block-quote is-layout-flow wp-block-quote-is-layout-flow\"><p>Desinformiert sind meistens beide, und solange ihre Stimmen dominieren, bleibt auch der gew\u00f6hnliche B\u00fcrger desinformiert. Experten der Realit\u00e4t, Praktiker in Jugendkn\u00e4sten zum Beispiel, kommen selten zu Wort.<\/p><\/blockquote>\n\n\n\n<blockquote class=\"wp-block-quote is-layout-flow wp-block-quote-is-layout-flow\"><p>Wie sieht die Praxis wirklich aus? Was passiert wirklich mit denen, die weggesperrt sind? In der U-Haft zum Beispiel? Und wer sind die Leute, die dort arbeiten? Kieferngrund ist so eine Jugenduntersuchungshaftanstalt. In diesem ersten Teil geht es um das sozialp\u00e4dagogische Konzept und seine Umsetzung. Der zweite besch\u00e4ftigt sich mit Erziehung und (Aus)Bildung \u2013 oder genauer gesagt: Den Defiziten, die da behoben werden m\u00fcssen.<\/p><\/blockquote>\n","protected":false},"excerpt":{"rendered":"<p>Nicht dass Pieke Biermann jemals lammfromm gewesen w\u00e4re&#8230; Angesichts der ideologisch dominierten Diskussion um Jugendgewalt- und kriminalit\u00e4t schwillt ihr aber ganz geh\u00f6rig der Kamm. In ihrer neuen Kriminalreportage fragt sie bei Praktikern nach, was aus den &#8222;wilden Kerlchen&#8220; wird, wenn sich die Staatsgewalt ihrer bem\u00e4chtigt hat. Zu h\u00f6ren am Freitag, 14. M\u00e4rz 2008, im RBB-Inforadio [&hellip;]<\/p>\n","protected":false},"author":17,"featured_media":0,"comment_status":"open","ping_status":"open","sticky":false,"template":"","format":"standard","meta":{"ub_ctt_via":"","footnotes":""},"categories":[1070],"tags":[],"class_list":["post-20965","post","type-post","status-publish","format-standard","hentry","category-watching-the-detectives"],"featured_image_src":null,"author_info":{"display_name":"dpr","author_link":"https:\/\/hinternet.de\/blog\/author\/dpr\/"},"_links":{"self":[{"href":"https:\/\/hinternet.de\/blog\/wp-json\/wp\/v2\/posts\/20965","targetHints":{"allow":["GET"]}}],"collection":[{"href":"https:\/\/hinternet.de\/blog\/wp-json\/wp\/v2\/posts"}],"about":[{"href":"https:\/\/hinternet.de\/blog\/wp-json\/wp\/v2\/types\/post"}],"author":[{"embeddable":true,"href":"https:\/\/hinternet.de\/blog\/wp-json\/wp\/v2\/users\/17"}],"replies":[{"embeddable":true,"href":"https:\/\/hinternet.de\/blog\/wp-json\/wp\/v2\/comments?post=20965"}],"version-history":[{"count":0,"href":"https:\/\/hinternet.de\/blog\/wp-json\/wp\/v2\/posts\/20965\/revisions"}],"wp:attachment":[{"href":"https:\/\/hinternet.de\/blog\/wp-json\/wp\/v2\/media?parent=20965"}],"wp:term":[{"taxonomy":"category","embeddable":true,"href":"https:\/\/hinternet.de\/blog\/wp-json\/wp\/v2\/categories?post=20965"},{"taxonomy":"post_tag","embeddable":true,"href":"https:\/\/hinternet.de\/blog\/wp-json\/wp\/v2\/tags?post=20965"}],"curies":[{"name":"wp","href":"https:\/\/api.w.org\/{rel}","templated":true}]}}