{"id":21244,"date":"2008-09-06T09:29:29","date_gmt":"2008-09-06T09:29:29","guid":{"rendered":"http:\/\/hinternet.de\/blog\/2008\/09\/wenn-es-am-samstag-regnet\/"},"modified":"2022-06-13T16:18:48","modified_gmt":"2022-06-13T14:18:48","slug":"wenn-es-am-samstag-regnet","status":"publish","type":"post","link":"https:\/\/hinternet.de\/blog\/2008\/09\/wenn-es-am-samstag-regnet\/","title":{"rendered":"Wenn es am Samstag regnet"},"content":{"rendered":"\n<p>m\u00e4hen wir nicht den Rasen, sondern lesen die neuesten Krimibeitr\u00e4ge im Titel-Magazin. Redaktionsleiter W\u00f6rtche nimmt uns mit auf einen \u2192<a href=\"http:\/\/www.titel-magazin.de\/modules.php?op=modload&amp;name=News&amp;file=article&amp;sid=7320&amp;mode=thread&amp;order=0&amp;thold=0&amp;POSTNUKESID=e16cdfcbbf5f86344ccadb3043524c4d\">H\u00f6llentrip<\/a> und stellt einen \u2192<a href=\"http:\/\/www.titel-magazin.de\/modules.php?op=modload&amp;name=News&amp;file=article&amp;sid=7319&amp;mode=thread&amp;order=0&amp;thold=0&amp;POSTNUKESID=e16cdfcbbf5f86344ccadb3043524c4d\">mexikanischen Fotografen<\/a> vor. Sabine Schutter bespricht \u2192<a href=\"http:\/\/www.titel-magazin.de\/modules.php?op=modload&amp;name=News&amp;file=article&amp;sid=7318&amp;mode=thread&amp;order=0&amp;thold=0&amp;POSTNUKESID=e16cdfcbbf5f86344ccadb3043524c4d\">Polina Daschkowa<\/a>, Anselm Brakhage \u2192<a href=\"http:\/\/www.titel-magazin.de\/modules.php?op=modload&amp;name=News&amp;file=article&amp;sid=7317&amp;mode=thread&amp;order=0&amp;thold=0&amp;POSTNUKESID=e16cdfcbbf5f86344ccadb3043524c4d\">James Sallis<\/a> &#8211; und \u2192<a href=\"http:\/\/www.titel-magazin.de\/modules.php?op=modload&amp;name=News&amp;file=article&amp;sid=7316&amp;mode=thread&amp;order=0&amp;thold=0&amp;POSTNUKESID=e16cdfcbbf5f86344ccadb3043524c4d\">Konrad Bayer<\/a> kommt uns gedichtm\u00e4\u00dfig mit der Marie. Da kanns doch ruhig weiterregnen!<\/p>\n","protected":false},"excerpt":{"rendered":"<p>m\u00e4hen wir nicht den Rasen, sondern lesen die neuesten Krimibeitr\u00e4ge im Titel-Magazin. Redaktionsleiter W\u00f6rtche nimmt uns mit auf einen \u2192H\u00f6llentrip und stellt einen \u2192mexikanischen Fotografen vor. Sabine Schutter bespricht \u2192Polina Daschkowa, Anselm Brakhage \u2192James Sallis &#8211; und \u2192Konrad Bayer kommt uns gedichtm\u00e4\u00dfig mit der Marie. Da kanns doch ruhig weiterregnen!<\/p>\n","protected":false},"author":17,"featured_media":0,"comment_status":"open","ping_status":"open","sticky":false,"template":"","format":"standard","meta":{"ub_ctt_via":"","footnotes":""},"categories":[1070],"tags":[],"class_list":["post-21244","post","type-post","status-publish","format-standard","hentry","category-watching-the-detectives"],"featured_image_src":null,"author_info":{"display_name":"dpr","author_link":"https:\/\/hinternet.de\/blog\/author\/dpr\/"},"_links":{"self":[{"href":"https:\/\/hinternet.de\/blog\/wp-json\/wp\/v2\/posts\/21244","targetHints":{"allow":["GET"]}}],"collection":[{"href":"https:\/\/hinternet.de\/blog\/wp-json\/wp\/v2\/posts"}],"about":[{"href":"https:\/\/hinternet.de\/blog\/wp-json\/wp\/v2\/types\/post"}],"author":[{"embeddable":true,"href":"https:\/\/hinternet.de\/blog\/wp-json\/wp\/v2\/users\/17"}],"replies":[{"embeddable":true,"href":"https:\/\/hinternet.de\/blog\/wp-json\/wp\/v2\/comments?post=21244"}],"version-history":[{"count":0,"href":"https:\/\/hinternet.de\/blog\/wp-json\/wp\/v2\/posts\/21244\/revisions"}],"wp:attachment":[{"href":"https:\/\/hinternet.de\/blog\/wp-json\/wp\/v2\/media?parent=21244"}],"wp:term":[{"taxonomy":"category","embeddable":true,"href":"https:\/\/hinternet.de\/blog\/wp-json\/wp\/v2\/categories?post=21244"},{"taxonomy":"post_tag","embeddable":true,"href":"https:\/\/hinternet.de\/blog\/wp-json\/wp\/v2\/tags?post=21244"}],"curies":[{"name":"wp","href":"https:\/\/api.w.org\/{rel}","templated":true}]}}