{"id":21797,"date":"2009-10-30T10:47:41","date_gmt":"2009-10-30T10:47:41","guid":{"rendered":"http:\/\/hinternet.de\/blog\/2009\/10\/die-couch-liest\/"},"modified":"2022-06-13T15:22:40","modified_gmt":"2022-06-13T13:22:40","slug":"die-couch-liest","status":"publish","type":"post","link":"https:\/\/hinternet.de\/blog\/2009\/10\/die-couch-liest\/","title":{"rendered":"Die Couch liest"},"content":{"rendered":"\n<p>&#8211; und wer &#8222;Arme Leute&#8220; noch nicht gelesen, ja, nicht einmal im B\u00fccherregal stehen hat, der verkneife es sich bitte, an der \u2192<a href=\"http:\/\/forum.krimi-couch.de\/board-7-idThread-4613.html\">Leserunde<\/a> zu partizipieren (statt dessen: kaufen, lesen, weiterempfehlen. Nur so kommt Deutschland aus der Krimikrise). Aber erfahren, wie es den Teilnehmern bisher gef\u00e4llt, sollt ihr dennoch&#8230;<\/p>\n\n\n\n<!--more-->\n\n\n\n<p><em>Ja und es (Arme Leute) schl\u00e4gt Haken, ist irgendwie unberechenbar. Vielleicht so, wie eine gut gew\u00fcrzte (exotische) Suppe, die noch nicht ger\u00fchrt ist &#8211; die Geschmacksnerven geraten in Wallung. <\/em>(Leanne)<\/p>\n\n\n\n<p><em>Inzwischen habe ich viel Spa\u00df an dem Buch und bei genauem \u00dcberlegen stellt man fest, dass die eigenen Gedanken ja auch nicht gerade geordnet sind.<\/em> (Quentin)<\/p>\n\n\n\n<p><em>anfangs war ich auch durch die manchmal sehr deftige sprache irritiert &#8211; aber dieser klaus kann nur so und nicht anders denken &#8211; alles andere w\u00e4re total unecht <\/em>(federfrau)<\/p>\n\n\n\n<p><em>Und warum riecht mein Buch immer noch so komisch? <\/em>(Summerherekid)<br \/><em><br \/>Fragen \u00fcber Fragen und mehr als ein Grund, m\u00f6glichst schnell weiterlesen zu wollen!!! <\/em>(tschwantzer)<\/p>\n","protected":false},"excerpt":{"rendered":"<p>&#8211; und wer &#8222;Arme Leute&#8220; noch nicht gelesen, ja, nicht einmal im B\u00fccherregal stehen hat, der verkneife es sich bitte, an der \u2192Leserunde zu partizipieren (statt dessen: kaufen, lesen, weiterempfehlen. Nur so kommt Deutschland aus der Krimikrise). Aber erfahren, wie es den Teilnehmern bisher gef\u00e4llt, sollt ihr dennoch&#8230;<\/p>\n","protected":false},"author":17,"featured_media":0,"comment_status":"open","ping_status":"open","sticky":false,"template":"","format":"standard","meta":{"ub_ctt_via":"","footnotes":""},"categories":[1070],"tags":[],"class_list":["post-21797","post","type-post","status-publish","format-standard","hentry","category-watching-the-detectives"],"featured_image_src":null,"author_info":{"display_name":"dpr","author_link":"https:\/\/hinternet.de\/blog\/author\/dpr\/"},"_links":{"self":[{"href":"https:\/\/hinternet.de\/blog\/wp-json\/wp\/v2\/posts\/21797","targetHints":{"allow":["GET"]}}],"collection":[{"href":"https:\/\/hinternet.de\/blog\/wp-json\/wp\/v2\/posts"}],"about":[{"href":"https:\/\/hinternet.de\/blog\/wp-json\/wp\/v2\/types\/post"}],"author":[{"embeddable":true,"href":"https:\/\/hinternet.de\/blog\/wp-json\/wp\/v2\/users\/17"}],"replies":[{"embeddable":true,"href":"https:\/\/hinternet.de\/blog\/wp-json\/wp\/v2\/comments?post=21797"}],"version-history":[{"count":0,"href":"https:\/\/hinternet.de\/blog\/wp-json\/wp\/v2\/posts\/21797\/revisions"}],"wp:attachment":[{"href":"https:\/\/hinternet.de\/blog\/wp-json\/wp\/v2\/media?parent=21797"}],"wp:term":[{"taxonomy":"category","embeddable":true,"href":"https:\/\/hinternet.de\/blog\/wp-json\/wp\/v2\/categories?post=21797"},{"taxonomy":"post_tag","embeddable":true,"href":"https:\/\/hinternet.de\/blog\/wp-json\/wp\/v2\/tags?post=21797"}],"curies":[{"name":"wp","href":"https:\/\/api.w.org\/{rel}","templated":true}]}}