{"id":2501,"date":"2008-04-07T11:11:00","date_gmt":"2008-04-07T09:11:00","guid":{"rendered":"http:\/\/mitty.de\/frlc\/2008\/04\/07\/der-preis-ist-hei\/"},"modified":"2022-05-16T01:52:51","modified_gmt":"2022-05-15T23:52:51","slug":"der-preis-ist-hei","status":"publish","type":"post","link":"https:\/\/hinternet.de\/blog\/2008\/04\/der-preis-ist-hei\/","title":{"rendered":"Der Preis ist hei\u00df"},"content":{"rendered":"\n<p><img decoding=\"async\" class=\"lbild\" src=\"\/weblog\/2008\/images\/autor.gif\" alt=\"143\" width=\"\" height=\"138\"\/> Das d\u00fcrfte wohl das erste Mal sein, dass ein Autor den Kleistpreis (einen der wichtigsten Literaturpreise unseres Landes und immerhin mit \u20ac20.000 dotiert) erh\u00e4lt, der auch in den Insellisten unserer Mitarbeiter vertreten ist. Der Preis geht in diesem Jahr an &#8211; Tusch! &#8211; Max Goldt.<\/p>\n\n\n\n<!--more-->\n\n\n\n<p>Der von der Heinrich-von-Kleist-Gesellschaft vergebene Preis wird traditionell nicht von einer mehr oder minder gro\u00dfen Jury vergeben, sondern von einem ausgew\u00e4hlten Vertrauensmann (bzw. einer Vertrauensfrau) in einsamer Entscheidung zuerkannt. Und deshalb geb\u00fchrt ein zweiter Tusch Daniel Kehlmann (&#8222;Die Vermessung der Welt&#8220;). Tat\u00e4!<br \/>Da verzeihen wir sogar tausendfach geh\u00f6rte Begr\u00fcndungen wie diese:<\/p>\n\n\n\n<blockquote class=\"wp-block-quote is-layout-flow wp-block-quote-is-layout-flow\"><p>Goldt habe als Kolumnist der Zeitschrift &#8222;Titanic&#8220;, Essayist und Prosak\u00fcnstler den deutschen Alltag bis &#8222;zur Kenntlichkeit entstellt&#8220;<\/p><\/blockquote>\n\n\n\n<p><br \/><em>Update (8.4.): Max Goldt erh\u00e4lt auch den Hugo-Ball-Preis der Stadt Pirmasens. (Wert: \u20ac10.000)<br \/>Update2 (9.4.): Heute keine einzige Auszeichnung f\u00fcr MG.<\/em><\/p>\n","protected":false},"excerpt":{"rendered":"<p>Das d\u00fcrfte wohl das erste Mal sein, dass ein Autor den Kleistpreis (einen der wichtigsten Literaturpreise unseres Landes und immerhin mit \u20ac20.000 dotiert) erh\u00e4lt, der auch in den Insellisten unserer Mitarbeiter vertreten ist. Der Preis geht in diesem Jahr an &#8211; Tusch! &#8211; Max Goldt.<\/p>\n","protected":false},"author":1,"featured_media":0,"comment_status":"closed","ping_status":"closed","sticky":false,"template":"","format":"standard","meta":{"ub_ctt_via":"","footnotes":""},"categories":[6],"tags":[2710,2953,1219,2955,2956,2954,2539],"class_list":["post-2501","post","type-post","status-publish","format-standard","hentry","category-buch","tag-auszeichnung","tag-daniel-kehlmann","tag-humor","tag-kleistpreis","tag-kolumnist","tag-max-goldt","tag-preis"],"featured_image_src":null,"author_info":{"display_name":"","author_link":"https:\/\/hinternet.de\/blog\/author\/"},"_links":{"self":[{"href":"https:\/\/hinternet.de\/blog\/wp-json\/wp\/v2\/posts\/2501","targetHints":{"allow":["GET"]}}],"collection":[{"href":"https:\/\/hinternet.de\/blog\/wp-json\/wp\/v2\/posts"}],"about":[{"href":"https:\/\/hinternet.de\/blog\/wp-json\/wp\/v2\/types\/post"}],"author":[{"embeddable":true,"href":"https:\/\/hinternet.de\/blog\/wp-json\/wp\/v2\/users\/1"}],"replies":[{"embeddable":true,"href":"https:\/\/hinternet.de\/blog\/wp-json\/wp\/v2\/comments?post=2501"}],"version-history":[{"count":0,"href":"https:\/\/hinternet.de\/blog\/wp-json\/wp\/v2\/posts\/2501\/revisions"}],"wp:attachment":[{"href":"https:\/\/hinternet.de\/blog\/wp-json\/wp\/v2\/media?parent=2501"}],"wp:term":[{"taxonomy":"category","embeddable":true,"href":"https:\/\/hinternet.de\/blog\/wp-json\/wp\/v2\/categories?post=2501"},{"taxonomy":"post_tag","embeddable":true,"href":"https:\/\/hinternet.de\/blog\/wp-json\/wp\/v2\/tags?post=2501"}],"curies":[{"name":"wp","href":"https:\/\/api.w.org\/{rel}","templated":true}]}}