{"id":2663,"date":"2007-03-18T01:55:26","date_gmt":"2007-03-18T01:55:26","guid":{"rendered":"http:\/\/mitty.de\/frlc\/2007\/03\/18\/brazilian-girls-talk-to-la-bomb\/"},"modified":"2022-08-04T20:14:20","modified_gmt":"2022-08-04T18:14:20","slug":"brazilian-girls-talk-to-la-bomb","status":"publish","type":"post","link":"https:\/\/hinternet.de\/blog\/2007\/03\/brazilian-girls-talk-to-la-bomb\/","title":{"rendered":"Brazilian Girls: Talk To La Bomb"},"content":{"rendered":"\n<p>&#8218;Talk To La Bomb&#8216; k\u00f6nnte man hier einmal w\u00f6rtlich nehmen. Denn wir sprachen mit ihr, genauer gesagt mit der bezaubernden Sabina Sciubba, der Frontfrau der Brazilian Girls. Denn j\u00fcngst erschien das zweite Album des Quartetts, das dem selbstbetitelten Deb\u00fct von 2005 in nichts nachsteht.<\/p>\n\n\n\n<!--more-->\n\n\n\n<p>Angefangen hatte das multikulturelle Electro-Jazz-Quartett im New Yorker Jazzclub Nublu. &#8222;New York war in der Post 11\/09-Depression und f\u00fcr uns war unser w\u00f6chentlicher Gig Sonntagnacht, oder besser am Montagmorgen, wie unser Kirchgang&#8220;, blickt Sciubba zur\u00fcck. Sie verschlug es vor Jahren via Frankreich in den Big Apple. Obwohl sich New York in den letzten Jahren ver\u00e4ndert habe, sei die Stadt &#8222;immer noch ein sehr fruchtbarer Boden f\u00fcr Kunst und Kultur&#8220;.<\/p>\n\n\n\n<p>Scuibba, die deutsche und italienische Wurzeln hat, wuchs in Italien, Frankreich und Deutschland auf. Sie ist mehrsprachig gro\u00df geworden und insofern verwundert es nicht, dass ihre Texte auf &#8218;Talk To La Bomb&#8216; sich aus Fetzen vieler verschiedener Sprachen zusammensetzen. Manch einen mag das irritieren. &#8222;F\u00fcr mich ist es ein Spiel. Das soll man ja nicht so ernst nehmen. Ich bin eher irritiert wenn der Inhalt von Texten oberfl\u00e4chlich und redundant ist&#8220;, so Sciubba.<\/p>\n\n\n\n<p>Dass die Songs erst im Studio entstanden sind, das geschah eher aus der Not heraus. &#8222;Ich werde ganz ehrlich sein: Wir sind vor allem sehr undiszipliniert; zu proben und zu \u00fcben, ist gar nicht unsere Natur. Wir hatten, bevor wir ins Studio gingen, aber Ideen, Akkorde, Grooves, Texte etc.&#8220;. Daraus entstand dieser mannigfaltige, fiebrige Mix aus Electro-Jazz, Lounge und Pop, der seinesgleichen sucht.<\/p>\n\n\n\n<pre class=\"wp-block-preformatted\">Brazilian Girls: Talk To La Bomb<br \/>Verve\/Universal<br \/>V\u00d6: 26.1.2007<\/pre>\n","protected":false},"excerpt":{"rendered":"<p>&#8218;Talk To La Bomb&#8216; k\u00f6nnte man hier einmal w\u00f6rtlich nehmen. Denn wir sprachen mit ihr, genauer gesagt mit der bezaubernden Sabina Sciubba, der Frontfrau der Brazilian Girls. Denn j\u00fcngst erschien das zweite Album des Quartetts, das dem selbstbetitelten Deb\u00fct von 2005 in nichts nachsteht.<\/p>\n","protected":false},"author":4,"featured_media":0,"comment_status":"closed","ping_status":"closed","sticky":false,"template":"","format":"standard","meta":{"ub_ctt_via":"","footnotes":""},"categories":[12],"tags":[],"class_list":["post-2663","post","type-post","status-publish","format-standard","hentry","category-musik"],"featured_image_src":null,"author_info":{"display_name":"Kai Florian Becker","author_link":"https:\/\/hinternet.de\/blog\/author\/kaiflorian\/"},"_links":{"self":[{"href":"https:\/\/hinternet.de\/blog\/wp-json\/wp\/v2\/posts\/2663","targetHints":{"allow":["GET"]}}],"collection":[{"href":"https:\/\/hinternet.de\/blog\/wp-json\/wp\/v2\/posts"}],"about":[{"href":"https:\/\/hinternet.de\/blog\/wp-json\/wp\/v2\/types\/post"}],"author":[{"embeddable":true,"href":"https:\/\/hinternet.de\/blog\/wp-json\/wp\/v2\/users\/4"}],"replies":[{"embeddable":true,"href":"https:\/\/hinternet.de\/blog\/wp-json\/wp\/v2\/comments?post=2663"}],"version-history":[{"count":0,"href":"https:\/\/hinternet.de\/blog\/wp-json\/wp\/v2\/posts\/2663\/revisions"}],"wp:attachment":[{"href":"https:\/\/hinternet.de\/blog\/wp-json\/wp\/v2\/media?parent=2663"}],"wp:term":[{"taxonomy":"category","embeddable":true,"href":"https:\/\/hinternet.de\/blog\/wp-json\/wp\/v2\/categories?post=2663"},{"taxonomy":"post_tag","embeddable":true,"href":"https:\/\/hinternet.de\/blog\/wp-json\/wp\/v2\/tags?post=2663"}],"curies":[{"name":"wp","href":"https:\/\/api.w.org\/{rel}","templated":true}]}}