{"id":33316,"date":"1998-12-27T11:11:00","date_gmt":"1998-12-27T10:11:00","guid":{"rendered":"http:\/\/hinternet.de\/blog\/?p=33316"},"modified":"2022-07-23T19:24:25","modified_gmt":"2022-07-23T17:24:25","slug":"der-neffe","status":"publish","type":"post","link":"https:\/\/hinternet.de\/blog\/1998\/12\/der-neffe\/","title":{"rendered":"Der Neffe"},"content":{"rendered":"\n<p>Der kauzige Farmer Tony Egan (Donald McCann) entdeckt zwischen Rechnungen einen Brief von seiner Schwester. Sie hat die kleine irische Insel Inis Dara vor 20 Jahren \u00fcberst\u00fcrzt in Richtung New York verlassen und wendet sich im Sterben an ihren Bruder. Der soll ihren Sohn Chad (Hill Harper) aufnehmen und ihre Asche auf dem geliebten Eiland beisetzen. Freudig k\u00fcndigt Tony \u00fcberall die Ankunft seines Neffen an. <\/p>\n\n\n\n<!--more-->\n\n\n\n<p>Die Entt\u00e4uschung ist gro\u00df, als er feststellt, da\u00df Chad farbig ist. Zun\u00e4chst weigert sich der eigenbr\u00f6tlerische Alte, dem Jungen Fragen \u00fcber seine Mutter zu beantworten und l\u00e4\u00dft den Teenager auch sonst mit seinen Problemen allein. Aufgeschlossener gibt sich da schon Aislin (Aislin McGuckin), die Tochter des Barbesitzers Joe Brady (Pierce Brosnan), den seit Jahrzehnten mit Tony im Clinch liegt. Durch die aufkeimende Liebe zwischen Chad und Aislin bricht auch der schwelende Konflikt zwischen den beiden alteingesessenen Iren wieder auf.<\/p>\n\n\n\n<p>Der charmante Film \u00fcber die dunklen Geheimnisse der Einwohner einer kleinen irischen Insel markiert Pierce Brosnans (&#8222;Goldeneye&#8220;) Deb\u00fct als Produzent. Mit romantischen Bildern von der derben Landschaft und dramaturgisch gekonnten Aufbau inszenierte Regisseur Eugene Brady daraus sein eindrucksvolles Erstlingswerk, das den Alltag der Iren auf dem Land authentisch widerspiegelt. Daran haben auch die Leistungen der durchweg f\u00e4higen Schauspieler-Riege teil, die die eigenwilligen Charaktere \u00fcberzeugend darstellen. Allen voran beweist Newcomer Hill Harper (&#8222;He got game&#8220;) sein dramatisches Potential und gef\u00e4llt &#8222;007&#8220;-Pierce Brosnan einmal fern seiner Actionrollen als gem\u00fctlicher irischer Kneipier.<\/p>\n\n\n\n<pre class=\"wp-block-preformatted\">Der Neffe<br \/>Regie: Eugene Brady<br \/>Darsteller: Hill Harper, Donal McCann, Pierce Brosnan, Sinead Cusack<\/pre>\n","protected":false},"excerpt":{"rendered":"<p>Der kauzige Farmer Tony Egan (Donald McCann) entdeckt zwischen Rechnungen einen Brief von seiner Schwester. Sie hat die kleine irische Insel Inis Dara vor 20 Jahren \u00fcberst\u00fcrzt in Richtung New York verlassen und wendet sich im Sterben an ihren Bruder. Der soll ihren Sohn Chad (Hill Harper) aufnehmen und ihre Asche auf dem geliebten Eiland [&hellip;]<\/p>\n","protected":false},"author":61,"featured_media":0,"comment_status":"open","ping_status":"closed","sticky":false,"template":"","format":"standard","meta":{"ub_ctt_via":"","footnotes":""},"categories":[22],"tags":[4177,4176,4178,3147,4179,4180],"class_list":["post-33316","post","type-post","status-publish","format-standard","hentry","category-film","tag-donal-mccann","tag-eugene-brady","tag-hill-harper","tag-irland","tag-pierce-brosnan","tag-sinead-cusack"],"featured_image_src":null,"author_info":{"display_name":"Susanna Mahnken","author_link":"https:\/\/hinternet.de\/blog\/author\/susanna-mahnken-2\/"},"_links":{"self":[{"href":"https:\/\/hinternet.de\/blog\/wp-json\/wp\/v2\/posts\/33316","targetHints":{"allow":["GET"]}}],"collection":[{"href":"https:\/\/hinternet.de\/blog\/wp-json\/wp\/v2\/posts"}],"about":[{"href":"https:\/\/hinternet.de\/blog\/wp-json\/wp\/v2\/types\/post"}],"author":[{"embeddable":true,"href":"https:\/\/hinternet.de\/blog\/wp-json\/wp\/v2\/users\/61"}],"replies":[{"embeddable":true,"href":"https:\/\/hinternet.de\/blog\/wp-json\/wp\/v2\/comments?post=33316"}],"version-history":[{"count":0,"href":"https:\/\/hinternet.de\/blog\/wp-json\/wp\/v2\/posts\/33316\/revisions"}],"wp:attachment":[{"href":"https:\/\/hinternet.de\/blog\/wp-json\/wp\/v2\/media?parent=33316"}],"wp:term":[{"taxonomy":"category","embeddable":true,"href":"https:\/\/hinternet.de\/blog\/wp-json\/wp\/v2\/categories?post=33316"},{"taxonomy":"post_tag","embeddable":true,"href":"https:\/\/hinternet.de\/blog\/wp-json\/wp\/v2\/tags?post=33316"}],"curies":[{"name":"wp","href":"https:\/\/api.w.org\/{rel}","templated":true}]}}