{"id":36665,"date":"2002-09-22T11:11:00","date_gmt":"2002-09-22T09:11:00","guid":{"rendered":"http:\/\/hinternet.de\/blog\/?p=36665"},"modified":"2022-08-23T01:08:58","modified_gmt":"2022-08-22T23:08:58","slug":"la-vela-puerca-de-bichos-y-flores","status":"publish","type":"post","link":"https:\/\/hinternet.de\/blog\/2002\/09\/la-vela-puerca-de-bichos-y-flores\/","title":{"rendered":"La Vela Puerca: De Bichos Y Flores"},"content":{"rendered":"\n<p>Ich d\u00fcrfte in diesem Magazin schon einige Male erw\u00e4hnt haben, dass ich Spanisch f\u00fcr eine exzellente Gesangssprache halte. Von daher freue ich mich immer, wenn eine CD auf den Tisch geflattert kommt, die diese Einsch\u00e4tzung best\u00e4tigt. Die acht Musiker von La Vela Puerca kommen aus Uruguay und schlagen weder in die Rock- noch in die Folkloreschiene. <\/p>\n\n\n\n<!--more-->\n\n\n\n<p>Lustigerweise liegt ihre musikalische Heimat im Ska. La Vela Puerca sind zwar nicht so heftig wie beispielsweise The Mighty Mighty Bosstones, verspr\u00fchen aber eine \u00e4hnliche Energie. Locker beschwingt grooven sich die S\u00fcdamerikaner durch ihre 13 Songs und scheinen gar nicht zu bemerken, dass ihr Sound fernab des Mainstream ist. Sehr lohnenswert und auch f\u00fcr europ\u00e4ische Ohren wie ein Blinddarm &#8211; bereit f\u00fcr den Durchbruch.<\/p>\n\n\n\n<pre class=\"wp-block-preformatted\">La Vela Puerca: De Bichos Y Flores<br \/>(Surco Inc.\/Universal)<\/pre>\n","protected":false},"excerpt":{"rendered":"<p>Ich d\u00fcrfte in diesem Magazin schon einige Male erw\u00e4hnt haben, dass ich Spanisch f\u00fcr eine exzellente Gesangssprache halte. Von daher freue ich mich immer, wenn eine CD auf den Tisch geflattert kommt, die diese Einsch\u00e4tzung best\u00e4tigt. Die acht Musiker von La Vela Puerca kommen aus Uruguay und schlagen weder in die Rock- noch in die [&hellip;]<\/p>\n","protected":false},"author":14,"featured_media":0,"comment_status":"open","ping_status":"closed","sticky":false,"template":"","format":"standard","meta":{"ub_ctt_via":"","footnotes":""},"categories":[12],"tags":[],"class_list":["post-36665","post","type-post","status-publish","format-standard","hentry","category-musik"],"featured_image_src":null,"author_info":{"display_name":"Dirk-Michael Mitter","author_link":"https:\/\/hinternet.de\/blog\/author\/dmm\/"},"_links":{"self":[{"href":"https:\/\/hinternet.de\/blog\/wp-json\/wp\/v2\/posts\/36665","targetHints":{"allow":["GET"]}}],"collection":[{"href":"https:\/\/hinternet.de\/blog\/wp-json\/wp\/v2\/posts"}],"about":[{"href":"https:\/\/hinternet.de\/blog\/wp-json\/wp\/v2\/types\/post"}],"author":[{"embeddable":true,"href":"https:\/\/hinternet.de\/blog\/wp-json\/wp\/v2\/users\/14"}],"replies":[{"embeddable":true,"href":"https:\/\/hinternet.de\/blog\/wp-json\/wp\/v2\/comments?post=36665"}],"version-history":[{"count":0,"href":"https:\/\/hinternet.de\/blog\/wp-json\/wp\/v2\/posts\/36665\/revisions"}],"wp:attachment":[{"href":"https:\/\/hinternet.de\/blog\/wp-json\/wp\/v2\/media?parent=36665"}],"wp:term":[{"taxonomy":"category","embeddable":true,"href":"https:\/\/hinternet.de\/blog\/wp-json\/wp\/v2\/categories?post=36665"},{"taxonomy":"post_tag","embeddable":true,"href":"https:\/\/hinternet.de\/blog\/wp-json\/wp\/v2\/tags?post=36665"}],"curies":[{"name":"wp","href":"https:\/\/api.w.org\/{rel}","templated":true}]}}