{"id":38238,"date":"2023-06-03T00:01:00","date_gmt":"2023-06-02T22:01:00","guid":{"rendered":"http:\/\/hinternet.de\/blog\/?p=38238"},"modified":"2023-06-04T00:33:04","modified_gmt":"2023-06-03T22:33:04","slug":"kalenderblatt-3-juni-2023","status":"publish","type":"post","link":"https:\/\/hinternet.de\/blog\/2023\/06\/kalenderblatt-3-juni-2023\/","title":{"rendered":"Kalenderblatt 3. Juni 2023"},"content":{"rendered":"\n<pre id=\"block-f17d9ba9-37c4-43aa-9d0e-4955b5f8bfd3\" class=\"wp-block-preformatted\">154. Tag des Jahres\nEurop\u00e4ischer Tag des Fahrrades\nTag der Organspende [<a href=\"https:\/\/www.tagderorganspende.de\/tag-der-organspende-2023\/\" target=\"_blank\" rel=\"noreferrer noopener\">Info<\/a>]<\/pre>\n\n\n\n<figure class=\"wp-block-pullquote\"><blockquote><p>La vie humaine commence par l&#8217;autre c\u00f4t\u00e9 du d\u00e9sespoir.<\/p><cite>aus: &#8222;Les mouches&#8220;<\/cite><\/blockquote><\/figure>\n\n\n\n<p>Vor <strong>80 Jahren<\/strong>: In Paris wird &#8211; trotz deutscher Besetzung &#8211; <strong>Jean-Paul Sartres<\/strong> Drama &#8222;Les mouches&#8220; (&#8222;Die Fliegen&#8220;) uraufgef\u00fchrt.<\/p>\n\n\n\n<!--more-->\n\n\n\n<p id=\"block-179930ca-2b70-4d06-9af4-0b82cf130bc2\">Geburtstage:<\/p>\n\n\n\n<p>Vor <strong>120 Jahren<\/strong> geboren: <strong>Ted Tetzlaff<\/strong>, US-amerikanischer Kameramann (&#8222;Meine Frau die Hexe&#8220;, &#8222;Ber\u00fcchtigt&#8220;) und Regisseur (&#8222;Das unheimliche Fenster&#8220;). Gestorben 7.1.1995.<\/p>\n\n\n\n<p>Vor <strong>110 Jahren<\/strong> geboren: <strong>Lucille Lund<\/strong>, US-amerikanische Schauspielerin, bekannt vor allem durch ihre Rolle in dem Horrorfilm &#8222;The Black Cat&#8220; (an der Seite von Boris Karloff und Bela Lugosi.). Gestorben 19.2.2002.<\/p>\n\n\n\n<p>DIe serbische Schauspielerin <strong>Anica Dobra<\/strong> (&#8222;Rosamunde&#8220;, &#8222;Bin ich sch\u00f6n&#8220;) wird <strong>60<\/strong>.<\/p>\n\n\n\n<p class=\"has-text-align-center\" id=\"block-23bcbe40-d212-4ca7-803d-48015f6b3110\">*<br \/>\ufeff<\/p>\n\n\n\n<p id=\"block-9d50402b-60cc-44fd-98dd-0b50937e8e0e\">Todestage:<\/p>\n\n\n\n<p>Vor <strong>60 Jahren<\/strong> starben der t\u00fcrkische Schriftsteller <strong>Nazim Hikmet<\/strong> (&#8222;Menschenlandschaften&#8220;) 61j\u00e4hrig in Moskau und <strong>Papst Johannes XXIII<\/strong> 81j\u00e4hrig in der Vatikanstadt.<\/p>\n\n\n\n<pre id=\"block-d53d7d47-c519-4bf7-a2b8-d592f19867ec\" class=\"wp-block-preformatted\">Mehr und ausf\u00fchrlichere Daten zum 3. Juni in unserem <a href=\"https:\/\/hinternet.de\/kalender\/0603.php\" target=\"_blank\" rel=\"noreferrer noopener\">Historischen Kalender<\/a><\/pre>\n","protected":false},"excerpt":{"rendered":"<p>154. Tag des Jahres Europ\u00e4ischer Tag des Fahrrades Tag der Organspende [Info] La vie humaine commence par l&#8217;autre c\u00f4t\u00e9 du d\u00e9sespoir. aus: &#8222;Les mouches&#8220; Vor 80 Jahren: In Paris wird &#8211; trotz deutscher Besetzung &#8211; Jean-Paul Sartres Drama &#8222;Les mouches&#8220; (&#8222;Die Fliegen&#8220;) uraufgef\u00fchrt.<\/p>\n","protected":false},"author":2,"featured_media":0,"comment_status":"open","ping_status":"closed","sticky":false,"template":"","format":"standard","meta":{"ub_ctt_via":"","footnotes":""},"categories":[10],"tags":[],"class_list":["post-38238","post","type-post","status-publish","format-standard","hentry","category-kalender"],"featured_image_src":null,"author_info":{"display_name":"mitty","author_link":"https:\/\/hinternet.de\/blog\/author\/walt_mitty\/"},"_links":{"self":[{"href":"https:\/\/hinternet.de\/blog\/wp-json\/wp\/v2\/posts\/38238","targetHints":{"allow":["GET"]}}],"collection":[{"href":"https:\/\/hinternet.de\/blog\/wp-json\/wp\/v2\/posts"}],"about":[{"href":"https:\/\/hinternet.de\/blog\/wp-json\/wp\/v2\/types\/post"}],"author":[{"embeddable":true,"href":"https:\/\/hinternet.de\/blog\/wp-json\/wp\/v2\/users\/2"}],"replies":[{"embeddable":true,"href":"https:\/\/hinternet.de\/blog\/wp-json\/wp\/v2\/comments?post=38238"}],"version-history":[{"count":0,"href":"https:\/\/hinternet.de\/blog\/wp-json\/wp\/v2\/posts\/38238\/revisions"}],"wp:attachment":[{"href":"https:\/\/hinternet.de\/blog\/wp-json\/wp\/v2\/media?parent=38238"}],"wp:term":[{"taxonomy":"category","embeddable":true,"href":"https:\/\/hinternet.de\/blog\/wp-json\/wp\/v2\/categories?post=38238"},{"taxonomy":"post_tag","embeddable":true,"href":"https:\/\/hinternet.de\/blog\/wp-json\/wp\/v2\/tags?post=38238"}],"curies":[{"name":"wp","href":"https:\/\/api.w.org\/{rel}","templated":true}]}}