{"id":38400,"date":"2023-07-06T00:01:00","date_gmt":"2023-07-05T22:01:00","guid":{"rendered":"http:\/\/hinternet.de\/blog\/?p=38400"},"modified":"2023-07-06T14:01:57","modified_gmt":"2023-07-06T12:01:57","slug":"kalenderblatt-6-juli-2023","status":"publish","type":"post","link":"https:\/\/hinternet.de\/blog\/2023\/07\/kalenderblatt-6-juli-2023\/","title":{"rendered":"Kalenderblatt 6. Juli 2023"},"content":{"rendered":"\n<p id=\"block-08828f55-6e53-415f-aad2-67b43421b35a\">187. Tag des Jahres<br \/>Internationaler Tag des Kusses<\/p>\n\n\n\n<figure class=\"wp-block-pullquote\"><blockquote><p>W\u00e4re nicht der erste Weltkrieg gekommen, w\u00e4re ich wahrscheinlich ein Wagnerianer geblieben. Ich habe aber im Krieg schon so viel Krach geh\u00f6rt, dass ich gesagt habe: Jetzt habe ich genug davon.<\/p><cite>Hanns Eisler<\/cite><\/blockquote><\/figure>\n\n\n\n<p id=\"block-5a4f80e4-7b2e-48b3-bd7e-f83ba40e6547\">\ufeff<\/p>\n\n\n\n<p>Vor <strong>60 Jahren<\/strong> kam <strong>Herschell Gordon Lewis<\/strong>` Horrorfilm &#8222;<em>Blood Feast<\/em>&#8220; in die Kinos. Er gilt als erster Splatterfilm der Filmgeschichte.<\/p>\n\n\n\n<!--more-->\n\n\n\n<p id=\"block-de0ac97f-b37f-4e1b-b00f-81b9ca0372ae\">Geburtstage:<\/p>\n\n\n\n<p><strong>125. Geburtstag<\/strong> des deutschen Komponisten <strong>Hanns Eisler<\/strong>. Eisler studierte in Wien bei Arnold Sch\u00f6nberg und Anton von Webern. 1926 wurde er Mitglied er KPD und schrieb hunderte von &#8222;proletarischen Kampfliedern&#8220; und zahlreiche B\u00fchnenmusiken (meist f\u00fcr Theaterst\u00fccke von Brecht). Er emigrierte vor den Nazis in die USA wo diverse Filmmusiken f\u00fcr Hollywood schrieb. Sp\u00e4ter mu\u00dfte er die USA wegen &#8222;unamerikanischer Umtriebe&#8220; verlassen und zog nach Ostberlin, wo er als Professor f\u00fcr Kompositionslehre arbeitete.<br \/>Zu seinen bekanntesten Kompositionen geh\u00f6ren das Kominternlied und die DDR-Nationalhymne.<\/p>\n\n\n\n<p>Vor <strong>100 Jahren<\/strong> geboren: <strong>Joseph Strick<\/strong>, US-amerikanischer Regisseur (&#8222;Der Balkon&#8220;, &#8222;Im Wendekreis des Krebses&#8220;).<\/p>\n\n\n\n<p>Die franz\u00f6sische Schauspielerin <strong>Nathalie Baye<\/strong> (&#8222;Ferien f\u00fcr eine Woche&#8220;, &#8222;The Man Inside &#8211; T\u00f6dliche Nachrichten&#8220;, &#8222;Kinder eines Scheusals&#8220;, &#8222;Sch\u00f6ne Venus&#8220;, &#8222;Eine pornographische Beziehung&#8220;, &#8222;Catch Me If You Can&#8220;) und Mutter der Schauspielerin Laura Smet (Vater: Johnny Hallyday) wird <strong>75<\/strong>.<\/p>\n\n\n\n<p>Auch 75: Schriftsteller <strong>Bodo Kirchhoff<\/strong> (&#8222;Infanta&#8220;, &#8222;Schundroman&#8220;, &#8222;Infanta&#8220;, &#8222;Widerfahrnis&#8220;).<\/p>\n\n\n\n<p>Vor <strong>70 Jahren<\/strong> geboren: <strong>Nanci Griffith<\/strong>, US-amerikanische Folk- und Countrys\u00e4ngerin. Gestorben 13.8.2021.<\/p>\n\n\n\n<p><strong>Jennifer Saunders<\/strong>, englische Schauspielerin, Drehbuchautorin und Comedienne (&#8222;Absolutely Fabulous&#8220;), wird <strong>65<\/strong>.<\/p>\n\n\n\n<p><strong>60. Geburtstag<\/strong> von <strong>Timothy Bricheno<\/strong>, englischer Gitarrist bei All About Eve.<\/p>\n\n\n\n<p>Vor <strong>50 Jahren<\/strong> geboren. <strong>Charizma<\/strong>, eigentlich: Charles Hicks, US-amerikanischer Rapper. Gestorben 19.12.1993.<\/p>\n\n\n\n<p class=\"has-text-align-center\" id=\"block-3c95c459-c39b-4ef2-973d-0af7fdf770e2\">*<\/p>\n\n\n\n<p id=\"block-f8bc9373-f84b-45ec-8087-490510f12ad2\">Todestage:<\/p>\n\n\n\n<p id=\"block-0337fcb3-21ff-4bf9-9d9d-04e75f4a3f1b\">Vor <strong>130 Jahren<\/strong>: Der franz\u00f6sische Schriftsteller <strong>Guy de Maupassant<\/strong> (&#8222;Der Schmuck&#8220;) stirbt 42j\u00e4hrig in Paris.<\/p>\n\n\n\n<p>Vor <strong>25 Jahren<\/strong> starb <strong>Roy Rogers<\/strong>, der &#8222;King of the Cowboys&#8220; 86j\u00e4hrig im kalifornischen Apple Valley.<\/p>\n\n\n\n<p id=\"block-7fc0b49e-5b14-4caf-8107-09a3b0b8b8b7\">Mehr und ausf\u00fchrlichere Daten zum 6. Juli in unserem <a href=\"https:\/\/hinternet.de\/kalender\/0706.php\" target=\"_blank\" rel=\"noreferrer noopener\">Historischen Kalender<\/a><\/p>\n","protected":false},"excerpt":{"rendered":"<p>187. Tag des JahresInternationaler Tag des Kusses W\u00e4re nicht der erste Weltkrieg gekommen, w\u00e4re ich wahrscheinlich ein Wagnerianer geblieben. Ich habe aber im Krieg schon so viel Krach geh\u00f6rt, dass ich gesagt habe: Jetzt habe ich genug davon. Hanns Eisler \ufeff Vor 60 Jahren kam Herschell Gordon Lewis` Horrorfilm &#8222;Blood Feast&#8220; in die Kinos. Er [&hellip;]<\/p>\n","protected":false},"author":2,"featured_media":0,"comment_status":"open","ping_status":"closed","sticky":false,"template":"","format":"standard","meta":{"ub_ctt_via":"","footnotes":""},"categories":[10],"tags":[],"class_list":["post-38400","post","type-post","status-publish","format-standard","hentry","category-kalender"],"featured_image_src":null,"author_info":{"display_name":"mitty","author_link":"https:\/\/hinternet.de\/blog\/author\/walt_mitty\/"},"_links":{"self":[{"href":"https:\/\/hinternet.de\/blog\/wp-json\/wp\/v2\/posts\/38400","targetHints":{"allow":["GET"]}}],"collection":[{"href":"https:\/\/hinternet.de\/blog\/wp-json\/wp\/v2\/posts"}],"about":[{"href":"https:\/\/hinternet.de\/blog\/wp-json\/wp\/v2\/types\/post"}],"author":[{"embeddable":true,"href":"https:\/\/hinternet.de\/blog\/wp-json\/wp\/v2\/users\/2"}],"replies":[{"embeddable":true,"href":"https:\/\/hinternet.de\/blog\/wp-json\/wp\/v2\/comments?post=38400"}],"version-history":[{"count":0,"href":"https:\/\/hinternet.de\/blog\/wp-json\/wp\/v2\/posts\/38400\/revisions"}],"wp:attachment":[{"href":"https:\/\/hinternet.de\/blog\/wp-json\/wp\/v2\/media?parent=38400"}],"wp:term":[{"taxonomy":"category","embeddable":true,"href":"https:\/\/hinternet.de\/blog\/wp-json\/wp\/v2\/categories?post=38400"},{"taxonomy":"post_tag","embeddable":true,"href":"https:\/\/hinternet.de\/blog\/wp-json\/wp\/v2\/tags?post=38400"}],"curies":[{"name":"wp","href":"https:\/\/api.w.org\/{rel}","templated":true}]}}