{"id":38623,"date":"2023-09-30T00:01:00","date_gmt":"2023-09-29T22:01:00","guid":{"rendered":"http:\/\/hinternet.de\/blog\/?p=38623"},"modified":"2023-10-02T03:51:24","modified_gmt":"2023-10-02T01:51:24","slug":"kalenderblatt-30-september-2023","status":"publish","type":"post","link":"https:\/\/hinternet.de\/blog\/2023\/09\/kalenderblatt-30-september-2023\/","title":{"rendered":"Kalenderblatt 30. September 2023"},"content":{"rendered":"\n<pre id=\"block-c0c2a7cf-4618-442d-8324-b38a63b6a950\" class=\"wp-block-preformatted\">273. Tag des Jahres\nInternationaler \u00dcbersetzertag\nTag der Legasthenie und Dyskalkulie<\/pre>\n\n\n\n<figure class=\"wp-block-pullquote\"><blockquote><p><br \/><br \/>Worte reisen um die Welt. \u00dcbersetzer sitzen dabei am Lenkrad.<\/p><cite>Anna Rusconi<\/cite><\/blockquote><\/figure>\n\n\n\n<p>Vor <strong>70 Jahren<\/strong>: Mit &#8222;Trieste&#8220;, seiner selbst konstruierten Tauchglocke stellte <strong>Auguste Piccard<\/strong> einen neuen Weltrekord im Tiefseetauchen auf.<\/p>\n\n\n\n<p>Vor <strong>50 Jahren<\/strong>: TV-Premiere &#8222;<strong><em>Rappelkiste<\/em><\/strong>&#8222;<\/p>\n\n\n\n<!--more-->\n\n\n\n<p>Vor <strong>40 Jahren<\/strong>: Filmpremiere &#8222;<strong><em>Brainstorm<\/em><\/strong>&#8222;. Douglas Trumbulls Science Fiction-Film kommt in die Kinos, zwei Jahre nach dem Tod der weiblichen Hauptdarstellerin Natalie Wood.<\/p>\n\n\n\n<p id=\"block-eccf6909-5194-4091-bb13-8659f7c0a2d2\">Geburtstage:<\/p>\n\n\n\n<p><strong>80. Geburtstag<\/strong> von <strong>Marilyn McCoo<\/strong>, S\u00e4ngerin bei The Fifth Dimension (&#8222;Up, Up and Away&#8220;, &#8222;Aquarius&#8220;), im Duett mit Billy Davis (&#8222;You Don&#8217;t Have To Be A Star (To Be In My Show)&#8220;) und solo (&#8222;One Less Bell to Answer&#8220;).<\/p>\n\n\n\n<p class=\"has-text-align-center\" id=\"block-8d2b4624-072f-4757-8a8b-2376cd2726a1\">*<\/p>\n\n\n\n<p id=\"block-03d04efc-a291-485a-a24a-bc0677d43a61\">Todestage:<\/p>\n\n\n\n<p><strong>25. Todestag <\/strong>von <strong>Robert Lewis Taylor<\/strong>. Der US-amerikanische Schriftsteller und Pulitzer-Preistr\u00e4ger (f\u00fcr &#8222;The Travels of Jaimie McPheeters&#8220;) stirbt 87j\u00e4hrig in Southbury, Connecticut.<\/p>\n\n\n\n<pre id=\"block-81b7d1cb-4d71-48e4-a46e-1301dc150482\" class=\"wp-block-preformatted\">Mehr und ausf\u00fchrlichere Daten zum 30. September in unserem <a href=\"https:\/\/hinternet.de\/kalender\/0930.php\" target=\"_blank\" rel=\"noreferrer noopener\">Historischen Kalender<\/a><\/pre>\n","protected":false},"excerpt":{"rendered":"<p>273. Tag des Jahres Internationaler \u00dcbersetzertag Tag der Legasthenie und Dyskalkulie Worte reisen um die Welt. \u00dcbersetzer sitzen dabei am Lenkrad. Anna Rusconi Vor 70 Jahren: Mit &#8222;Trieste&#8220;, seiner selbst konstruierten Tauchglocke stellte Auguste Piccard einen neuen Weltrekord im Tiefseetauchen auf. Vor 50 Jahren: TV-Premiere &#8222;Rappelkiste&#8222;<\/p>\n","protected":false},"author":2,"featured_media":0,"comment_status":"open","ping_status":"closed","sticky":false,"template":"","format":"standard","meta":{"ub_ctt_via":"","footnotes":""},"categories":[10],"tags":[],"class_list":["post-38623","post","type-post","status-publish","format-standard","hentry","category-kalender"],"featured_image_src":null,"author_info":{"display_name":"mitty","author_link":"https:\/\/hinternet.de\/blog\/author\/walt_mitty\/"},"_links":{"self":[{"href":"https:\/\/hinternet.de\/blog\/wp-json\/wp\/v2\/posts\/38623","targetHints":{"allow":["GET"]}}],"collection":[{"href":"https:\/\/hinternet.de\/blog\/wp-json\/wp\/v2\/posts"}],"about":[{"href":"https:\/\/hinternet.de\/blog\/wp-json\/wp\/v2\/types\/post"}],"author":[{"embeddable":true,"href":"https:\/\/hinternet.de\/blog\/wp-json\/wp\/v2\/users\/2"}],"replies":[{"embeddable":true,"href":"https:\/\/hinternet.de\/blog\/wp-json\/wp\/v2\/comments?post=38623"}],"version-history":[{"count":0,"href":"https:\/\/hinternet.de\/blog\/wp-json\/wp\/v2\/posts\/38623\/revisions"}],"wp:attachment":[{"href":"https:\/\/hinternet.de\/blog\/wp-json\/wp\/v2\/media?parent=38623"}],"wp:term":[{"taxonomy":"category","embeddable":true,"href":"https:\/\/hinternet.de\/blog\/wp-json\/wp\/v2\/categories?post=38623"},{"taxonomy":"post_tag","embeddable":true,"href":"https:\/\/hinternet.de\/blog\/wp-json\/wp\/v2\/tags?post=38623"}],"curies":[{"name":"wp","href":"https:\/\/api.w.org\/{rel}","templated":true}]}}