{"id":39533,"date":"2024-03-22T00:01:00","date_gmt":"2024-03-21T23:01:00","guid":{"rendered":"https:\/\/hinternet.de\/blog\/?p=39533"},"modified":"2024-02-03T02:15:28","modified_gmt":"2024-02-03T01:15:28","slug":"kalenderblatt-22-maerz-2024","status":"publish","type":"post","link":"https:\/\/hinternet.de\/blog\/2024\/03\/kalenderblatt-22-maerz-2024\/","title":{"rendered":"Kalenderblatt 22. M\u00e4rz 2024"},"content":{"rendered":"\n<pre class=\"wp-block-preformatted\">82. Tag des Jahres<\/pre>\n\n\n\n<figure class=\"wp-block-pullquote\"><blockquote><p>La vie serait plus douce si on se levait plus tard parce que les soir\u00e9es seraient plus longues.<\/p><cite>Fanny Ardant<\/cite><\/blockquote><\/figure>\n\n\n\n<p>Vor <strong>50 Jahren<\/strong>: Albumver\u00f6ffentlichung &#8222;<strong><em>On the Border<\/em><\/strong>&#8222;. Die <strong>Eagles <\/strong>ver\u00f6ffentlichen ihr drittes Studioalbum (das erste Album mit Gitarrist und S\u00e4nger Don Felder).<\/p>\n\n\n\n<p>Geburtstage:<\/p>\n\n\n\n<p><strong>75. Geburtstag<\/strong> von <strong>Fanny Ardant<\/strong>, franz\u00f6sische Filmschauspielerin (&#8222;Die Frau nebenan&#8220;, &#8222;Auf Liebe und Tod&#8220;, &#8222;8 Frauen&#8220;).<\/p>\n\n\n\n<p><strong>65. Geburtstag<\/strong> von <strong>Matthew Modine<\/strong>, US-amerikanischer Schauspieler (&#8222;Full Metal Jacket&#8220;, &#8222;Birdy&#8220;, &#8222;Crazy for You&#8220;, &#8222;Die Mafiosi-Braut&#8220;, &#8222;Short Cuts&#8220;, &#8222;Stranger Things&#8220;).<\/p>\n\n\n\n<pre class=\"wp-block-preformatted\">Mehr und ausf\u00fchrlichere Daten zum 22. M\u00e4rz in unserem <a href=\"https:\/\/hinternet.de\/kalender\/0322.php\"><u>Historischen Kalender<\/u><\/a><\/pre>\n","protected":false},"excerpt":{"rendered":"<p>82. Tag des Jahres La vie serait plus douce si on se levait plus tard parce que les soir\u00e9es seraient plus longues. Fanny Ardant Vor 50 Jahren: Albumver\u00f6ffentlichung &#8222;On the Border&#8222;. Die Eagles ver\u00f6ffentlichen ihr drittes Studioalbum (das erste Album mit Gitarrist und S\u00e4nger Don Felder). Geburtstage: 75. Geburtstag von Fanny Ardant, franz\u00f6sische Filmschauspielerin (&#8222;Die [&hellip;]<\/p>\n","protected":false},"author":2,"featured_media":0,"comment_status":"open","ping_status":"closed","sticky":false,"template":"","format":"standard","meta":{"ub_ctt_via":"","footnotes":""},"categories":[10],"tags":[],"class_list":["post-39533","post","type-post","status-publish","format-standard","hentry","category-kalender"],"featured_image_src":null,"author_info":{"display_name":"mitty","author_link":"https:\/\/hinternet.de\/blog\/author\/walt_mitty\/"},"_links":{"self":[{"href":"https:\/\/hinternet.de\/blog\/wp-json\/wp\/v2\/posts\/39533","targetHints":{"allow":["GET"]}}],"collection":[{"href":"https:\/\/hinternet.de\/blog\/wp-json\/wp\/v2\/posts"}],"about":[{"href":"https:\/\/hinternet.de\/blog\/wp-json\/wp\/v2\/types\/post"}],"author":[{"embeddable":true,"href":"https:\/\/hinternet.de\/blog\/wp-json\/wp\/v2\/users\/2"}],"replies":[{"embeddable":true,"href":"https:\/\/hinternet.de\/blog\/wp-json\/wp\/v2\/comments?post=39533"}],"version-history":[{"count":0,"href":"https:\/\/hinternet.de\/blog\/wp-json\/wp\/v2\/posts\/39533\/revisions"}],"wp:attachment":[{"href":"https:\/\/hinternet.de\/blog\/wp-json\/wp\/v2\/media?parent=39533"}],"wp:term":[{"taxonomy":"category","embeddable":true,"href":"https:\/\/hinternet.de\/blog\/wp-json\/wp\/v2\/categories?post=39533"},{"taxonomy":"post_tag","embeddable":true,"href":"https:\/\/hinternet.de\/blog\/wp-json\/wp\/v2\/tags?post=39533"}],"curies":[{"name":"wp","href":"https:\/\/api.w.org\/{rel}","templated":true}]}}