{"id":39906,"date":"2024-06-03T17:05:55","date_gmt":"2024-06-03T15:05:55","guid":{"rendered":"https:\/\/hinternet.de\/blog\/?p=39906"},"modified":"2024-06-10T20:47:24","modified_gmt":"2024-06-10T18:47:24","slug":"from-a-river-to-a-sea","status":"publish","type":"post","link":"https:\/\/hinternet.de\/blog\/2024\/06\/from-a-river-to-a-sea\/","title":{"rendered":"From a River to a Sea"},"content":{"rendered":"\n<figure class=\"wp-block-image size-medium is-style-default\"><a href=\"https:\/\/hinternet.de\/blog\/wp-content\/uploads\/2024\/06\/autobahn.gif\"><img loading=\"lazy\" decoding=\"async\" width=\"500\" height=\"283\" src=\"https:\/\/hinternet.de\/blog\/wp-content\/uploads\/2024\/06\/autobahn-500x283.gif\" alt=\"\" class=\"wp-image-39907\" srcset=\"https:\/\/hinternet.de\/blog\/wp-content\/uploads\/2024\/06\/autobahn-500x283.gif 500w, https:\/\/hinternet.de\/blog\/wp-content\/uploads\/2024\/06\/autobahn-145x82.gif 145w\" sizes=\"auto, (max-width: 500px) 100vw, 500px\" \/><\/a><\/figure>\n\n\n\n<p>W\u00e4hrend in Bayern die Pegel immer h\u00f6her steigen, flie\u00dft in Saarbr\u00fccken bereits wieder erster Verkehr auf der Stadtautobahn. M\u00f6ge das Bild der Welt zur Mahnung gereichen: Wenn es dem Klima gef\u00e4llt, kann schnell aus einem kleinen Fluss ein mittelgro\u00dfer See werden!<\/p>\n","protected":false},"excerpt":{"rendered":"<p>W\u00e4hrend in Bayern die Pegel immer h\u00f6her steigen, flie\u00dft in Saarbr\u00fccken bereits wieder erster Verkehr auf der Stadtautobahn. M\u00f6ge das Bild der Welt zur Mahnung gereichen: Wenn es dem Klima gef\u00e4llt, kann schnell aus einem kleinen Fluss ein mittelgro\u00dfer See werden!<\/p>\n","protected":false},"author":6,"featured_media":0,"comment_status":"open","ping_status":"closed","sticky":false,"template":"","format":"standard","meta":{"ub_ctt_via":"","footnotes":""},"categories":[68],"tags":[596,753,852,1189],"class_list":["post-39906","post","type-post","status-publish","format-standard","hentry","category-cartoon","tag-autobahn","tag-hochwasser","tag-klimawandel","tag-saarbrucken"],"featured_image_src":null,"author_info":{"display_name":"Raphael W\u00fcnsch","author_link":"https:\/\/hinternet.de\/blog\/author\/rw\/"},"_links":{"self":[{"href":"https:\/\/hinternet.de\/blog\/wp-json\/wp\/v2\/posts\/39906","targetHints":{"allow":["GET"]}}],"collection":[{"href":"https:\/\/hinternet.de\/blog\/wp-json\/wp\/v2\/posts"}],"about":[{"href":"https:\/\/hinternet.de\/blog\/wp-json\/wp\/v2\/types\/post"}],"author":[{"embeddable":true,"href":"https:\/\/hinternet.de\/blog\/wp-json\/wp\/v2\/users\/6"}],"replies":[{"embeddable":true,"href":"https:\/\/hinternet.de\/blog\/wp-json\/wp\/v2\/comments?post=39906"}],"version-history":[{"count":0,"href":"https:\/\/hinternet.de\/blog\/wp-json\/wp\/v2\/posts\/39906\/revisions"}],"wp:attachment":[{"href":"https:\/\/hinternet.de\/blog\/wp-json\/wp\/v2\/media?parent=39906"}],"wp:term":[{"taxonomy":"category","embeddable":true,"href":"https:\/\/hinternet.de\/blog\/wp-json\/wp\/v2\/categories?post=39906"},{"taxonomy":"post_tag","embeddable":true,"href":"https:\/\/hinternet.de\/blog\/wp-json\/wp\/v2\/tags?post=39906"}],"curies":[{"name":"wp","href":"https:\/\/api.w.org\/{rel}","templated":true}]}}