{"id":39965,"date":"2024-06-14T00:46:00","date_gmt":"2024-06-13T22:46:00","guid":{"rendered":"https:\/\/hinternet.de\/blog\/?p=39965"},"modified":"2024-06-15T01:34:38","modified_gmt":"2024-06-14T23:34:38","slug":"von-bolzplatz-zu-bolzplatz","status":"publish","type":"post","link":"https:\/\/hinternet.de\/blog\/2024\/06\/von-bolzplatz-zu-bolzplatz\/","title":{"rendered":"Von Bolzplatz zu Bolzplatz"},"content":{"rendered":"<div class=\"wp-block-image is-style-default wp-duotone-unset-1\">\n<figure class=\"alignleft size-thumbnail\"><a href=\"https:\/\/hinternet.de\/blog\/wp-content\/uploads\/2024\/06\/van-der-saar-haelt.jpg\"><img loading=\"lazy\" decoding=\"async\" width=\"145\" height=\"112\" src=\"https:\/\/hinternet.de\/blog\/wp-content\/uploads\/2024\/06\/van-der-saar-haelt-145x112.jpg\" alt=\"\" class=\"wp-image-39969\" srcset=\"https:\/\/hinternet.de\/blog\/wp-content\/uploads\/2024\/06\/van-der-saar-haelt-145x112.jpg 145w, https:\/\/hinternet.de\/blog\/wp-content\/uploads\/2024\/06\/van-der-saar-haelt-500x386.jpg 500w, https:\/\/hinternet.de\/blog\/wp-content\/uploads\/2024\/06\/van-der-saar-haelt-1200x926.jpg 1200w, https:\/\/hinternet.de\/blog\/wp-content\/uploads\/2024\/06\/van-der-saar-haelt.jpg 1394w\" sizes=\"auto, (max-width: 145px) 100vw, 145px\" \/><\/a><\/figure>\n<\/div>\n\n\n<p class=\"has-text-align-left\">Beim SR gibt\u00b4s einen Beitrag \u00fcber unseren Hausfotografen und sein ongoing 11Meter-Projekt: <br \/>==><a href=\"https:\/\/www.ardmediathek.de\/video\/wir-im-saarland-kultur\/victor-van-der-saar-und-die-aesthetik-des-fussballtors\/sr\/Y3JpZDovL3NyLW9ubGluZS5kZS9LVS1XSU1TXzE0MTM5NS9zZWN0aW9uLzE\" data-type=\"link\" data-id=\"https:\/\/www.ardmediathek.de\/video\/wir-im-saarland-kultur\/victor-van-der-saar-und-die-aesthetik-des-fussballtors\/sr\/Y3JpZDovL3NyLW9ubGluZS5kZS9LVS1XSU1TXzE0MTM5NS9zZWN0aW9uLzE\" target=\"_blank\" rel=\"noreferrer noopener\">Victor Van der Saar und die \u00c4sthetik des Fu\u00dfballtors<\/a><\/p>\n","protected":false},"excerpt":{"rendered":"<p>Beim SR gibt\u00b4s einen Beitrag \u00fcber unseren Hausfotografen und sein ongoing 11Meter-Projekt: ==>Victor Van der Saar und die \u00c4sthetik des Fu\u00dfballtors<\/p>\n","protected":false},"author":2,"featured_media":0,"comment_status":"open","ping_status":"closed","sticky":false,"template":"","format":"standard","meta":{"ub_ctt_via":"","footnotes":""},"categories":[5,2021],"tags":[5004,5003,107],"class_list":["post-39965","post","type-post","status-publish","format-standard","hentry","category-aus-der-redaktion","category-fotos","tag-11meter","tag-fotograf","tag-fusball"],"featured_image_src":null,"author_info":{"display_name":"mitty","author_link":"https:\/\/hinternet.de\/blog\/author\/walt_mitty\/"},"_links":{"self":[{"href":"https:\/\/hinternet.de\/blog\/wp-json\/wp\/v2\/posts\/39965","targetHints":{"allow":["GET"]}}],"collection":[{"href":"https:\/\/hinternet.de\/blog\/wp-json\/wp\/v2\/posts"}],"about":[{"href":"https:\/\/hinternet.de\/blog\/wp-json\/wp\/v2\/types\/post"}],"author":[{"embeddable":true,"href":"https:\/\/hinternet.de\/blog\/wp-json\/wp\/v2\/users\/2"}],"replies":[{"embeddable":true,"href":"https:\/\/hinternet.de\/blog\/wp-json\/wp\/v2\/comments?post=39965"}],"version-history":[{"count":0,"href":"https:\/\/hinternet.de\/blog\/wp-json\/wp\/v2\/posts\/39965\/revisions"}],"wp:attachment":[{"href":"https:\/\/hinternet.de\/blog\/wp-json\/wp\/v2\/media?parent=39965"}],"wp:term":[{"taxonomy":"category","embeddable":true,"href":"https:\/\/hinternet.de\/blog\/wp-json\/wp\/v2\/categories?post=39965"},{"taxonomy":"post_tag","embeddable":true,"href":"https:\/\/hinternet.de\/blog\/wp-json\/wp\/v2\/tags?post=39965"}],"curies":[{"name":"wp","href":"https:\/\/api.w.org\/{rel}","templated":true}]}}