{"id":40031,"date":"2024-08-03T00:01:00","date_gmt":"2024-08-02T22:01:00","guid":{"rendered":"https:\/\/hinternet.de\/blog\/?p=40031"},"modified":"2024-08-15T17:52:33","modified_gmt":"2024-08-15T15:52:33","slug":"kalenderblatt-3-august-2024","status":"publish","type":"post","link":"https:\/\/hinternet.de\/blog\/2024\/08\/kalenderblatt-3-august-2024\/","title":{"rendered":"Kalenderblatt 3. August 2024"},"content":{"rendered":"\n<pre class=\"wp-block-preformatted\">216. Tag des Jahres<\/pre>\n\n\n\n<figure class=\"wp-block-pullquote\"><blockquote><p>It is respectable to have no illusions, and safe, and profitable and dull.<\/p><cite>Joseph Conrad<\/cite><\/blockquote><\/figure>\n\n\n\n<p>Vor <strong>55 Jahren<\/strong>: Albumver\u00f6ffentlichung &#8222;<strong><em>Green River<\/em><\/strong>&#8222;. Das dritte Studioalbum von <strong>Creedence Clearwater Revival<\/strong> erscheint.<\/p>\n\n\n\n<!--more-->\n\n\n\n<p>Vor <strong>45 Jahren<\/strong>: Albumver\u00f6ffentlichung &#8222;<strong><em>Fear of Music<\/em><\/strong>&#8222;. Das dritte Album der Talking Heads (produziert von der Band und Brian Eno) erscheint auf Sire Records.<\/p>\n\n\n\n<p>Vor <strong>40 Jahren<\/strong>: In Deutschland (genauer: an der Universit\u00e4t Karlsruhe) kommt die <strong>erste E-Mail<\/strong> an, am Tag zuvor aus Cambridge abgeschickt.<\/p>\n\n\n\n<p>Vor <strong>30 Jahren<\/strong>: Filmpremiere &#8222;<strong><em>Clear and Present Danger<\/em><\/strong>&#8222;. <strong>Phillip Noyces<\/strong> Verfilmung von Tom Clancys gleichnamigen Roman kommt in die Kinos. Bei uns l\u00e4uft der Film unter dem Titel &#8222;Das Kartell&#8220;. In der Hauptrolle als Jack Ryan wieder &#8211; wie schon bei &#8222;Die Stunde der Patrioten&#8220; &#8211; Harrison Ford.<\/p>\n\n\n\n<p>Geburtstage:<\/p>\n\n\n\n<p>Vor <strong>120 Jahren<\/strong> geboren: <\/p>\n\n\n\n<ul class=\"wp-block-list\">\n<li><strong>Dolores del Rio<\/strong>, eigentlich: Dolores As\u00fansolo y L\u00f3pez Negrete de Mart\u00ednez del R\u00edo, mexikanische Schauspielerin, die zwischen 1925 und 1978 in zahlreichen US-amerikanischen (&#8222;Rivalen&#8220;, &#8222;Flying Down to Rio&#8220;, &#8222;Flammender Stern&#8220;) und mexikanischen Filmen auftrat. 1983 gestorben.<\/li>\n\n\n\n<li><strong>Clifford D. Simak<\/strong>, US-amerikanischer Science-Fiction-Autor (City-Zyklus, &#8222;Raumstation auf der Erde&#8220;, &#8222;Ein Erbe der Sterne&#8220;). Gestorben 25.4.1988.<\/li>\n<\/ul>\n\n\n\n<p>Vor <strong>100 Jahren<\/strong> geboren: <strong>Leon Uris<\/strong>, US-amerikanischer Schriftsteller (&#8222;Exodus&#8220;). Gestorben 21.6.2003.<\/p>\n\n\n\n<p>Vor <strong>75 Jahren<\/strong> geboren: <strong>B.B. Dickerson<\/strong>, US-amerikanischer Bassist bei War.<br \/>[Videotipp: ==&gt;&#8220;<a href=\"https:\/\/www.youtube.com\/watch?v=BsrqKE1iqqo\" target=\"_blank\" rel=\"noreferrer noopener\">Low Rider<\/a>&#8222;]<\/p>\n\n\n\n<p><strong>65. Geburtstag<\/strong> von <strong>John McGinley<\/strong>, US-amerikanischer Schauspieler (&#8222;The Rock&#8220;, &#8222;Geboren am 4. Juli&#8220;, &#8222;Talk Radio&#8220;, &#8222;Wall Street&#8220;, &#8222;Platoon&#8220;) Dr. Perry Cox in der Fernsehserie &#8222;Scrubs \u2013 Die Anf\u00e4nger&#8220;.<\/p>\n\n\n\n<p><strong>50. Geburtstag<\/strong> von <strong>Justin Kurzel<\/strong>, australischer Filmregisseur (&#8222;Macbeth&#8220;, &#8222;Assassin\u2019s Creed&#8220;, &#8222;Outlaws \u2013 Die wahre Geschichte der Kelly Gang&#8220;) und Drehbuchautor.<\/p>\n\n\n\n<p><strong>40. Geburtstag<\/strong> von <strong>Kollegah<\/strong>, eigentlich: Felix Martin Andreas Matthias Blume, deutscher Rapper (&#8222;Alpha&#8220;, &#8222;\u00c2ve Maria&#8220;) und Labelchef (Alpha Music Empire).<\/p>\n\n\n\n<p class=\"has-text-align-center\">*<\/p>\n\n\n\n<p>Todestage:<\/p>\n\n\n\n<p><strong>100. Todestag<\/strong> von <strong>Joseph Conrad<\/strong>. Der polnisch-britische Schriftsteller (&#8222;Heart of Darkness&#8220;, &#8222;Lord Jim&#8220;, &#8222;The Secret Agent&#8220;) starb 66j\u00e4hrig im englischen Bishopsbourne. <\/p>\n\n\n\n<p><strong>70. Todestag<\/strong> von <strong>Sidonie-Gabrielle Colette<\/strong>. Die franz\u00f6sische Schriftstellerin (&#8222;Gigi&#8220;) starb 81j\u00e4hrig in Paris. Als erste Frau in Frankreich erh\u00e4lt sie ein Staatsbegr\u00e4bnis.<\/p>\n\n\n\n<pre class=\"wp-block-preformatted\">Mehr und ausf\u00fchrlichere Daten zum 3. August in unserem <a href=\"https:\/\/hinternet.de\/kalender\/0803.php\" target=\"_blank\" rel=\"noreferrer noopener\">Historischen Kalender<\/a><\/pre>\n","protected":false},"excerpt":{"rendered":"<p>216. Tag des Jahres It is respectable to have no illusions, and safe, and profitable and dull. Joseph Conrad Vor 55 Jahren: Albumver\u00f6ffentlichung &#8222;Green River&#8222;. Das dritte Studioalbum von Creedence Clearwater Revival erscheint.<\/p>\n","protected":false},"author":2,"featured_media":0,"comment_status":"open","ping_status":"closed","sticky":false,"template":"","format":"standard","meta":{"ub_ctt_via":"","footnotes":""},"categories":[10],"tags":[],"class_list":["post-40031","post","type-post","status-publish","format-standard","hentry","category-kalender"],"featured_image_src":null,"author_info":{"display_name":"mitty","author_link":"https:\/\/hinternet.de\/blog\/author\/walt_mitty\/"},"_links":{"self":[{"href":"https:\/\/hinternet.de\/blog\/wp-json\/wp\/v2\/posts\/40031","targetHints":{"allow":["GET"]}}],"collection":[{"href":"https:\/\/hinternet.de\/blog\/wp-json\/wp\/v2\/posts"}],"about":[{"href":"https:\/\/hinternet.de\/blog\/wp-json\/wp\/v2\/types\/post"}],"author":[{"embeddable":true,"href":"https:\/\/hinternet.de\/blog\/wp-json\/wp\/v2\/users\/2"}],"replies":[{"embeddable":true,"href":"https:\/\/hinternet.de\/blog\/wp-json\/wp\/v2\/comments?post=40031"}],"version-history":[{"count":0,"href":"https:\/\/hinternet.de\/blog\/wp-json\/wp\/v2\/posts\/40031\/revisions"}],"wp:attachment":[{"href":"https:\/\/hinternet.de\/blog\/wp-json\/wp\/v2\/media?parent=40031"}],"wp:term":[{"taxonomy":"category","embeddable":true,"href":"https:\/\/hinternet.de\/blog\/wp-json\/wp\/v2\/categories?post=40031"},{"taxonomy":"post_tag","embeddable":true,"href":"https:\/\/hinternet.de\/blog\/wp-json\/wp\/v2\/tags?post=40031"}],"curies":[{"name":"wp","href":"https:\/\/api.w.org\/{rel}","templated":true}]}}