{"id":40033,"date":"2024-08-04T00:02:00","date_gmt":"2024-08-03T22:02:00","guid":{"rendered":"https:\/\/hinternet.de\/blog\/?p=40033"},"modified":"2024-08-15T17:52:44","modified_gmt":"2024-08-15T15:52:44","slug":"kalenderblatt-4-august-2024","status":"publish","type":"post","link":"https:\/\/hinternet.de\/blog\/2024\/08\/kalenderblatt-4-august-2024\/","title":{"rendered":"Kalenderblatt 4. August 2024"},"content":{"rendered":"\n<pre class=\"wp-block-preformatted\">217. Tag des Jahres<\/pre>\n\n\n\n<figure class=\"wp-block-pullquote\"><blockquote><p>I&#8217;m not an actor &#8211; and I&#8217;ve got 64 films to prove it!<\/p><cite>Victor Mature<\/cite><\/blockquote><\/figure>\n\n\n\n<p>Vor <strong>110 Jahren<\/strong>: <\/p>\n\n\n\n<ul class=\"wp-block-list\">\n<li>Nachdem <strong>Belgien <\/strong>es abgelehnt hatte, Deutschland den Durchmarsch nach Frankreich zu erlauben marschieren die deutschen Truppen in das neutrale Belgien ein und <strong>besetzen <\/strong>fast das ganze Land. Als Reaktion darauf erkl\u00e4rt Gro\u00dfbritannien Deutschland den Krieg.<\/li>\n\n\n\n<li><strong>Kaiser Wilhelm II.<\/strong> h\u00e4lt vor dem Reichstag eine <strong>Thronrede<\/strong>, in der die Kriegserkl\u00e4rungen an Frankreich und Ru\u00dfland (und damit den Beginn des 1. Weltkriegs) rechtfertigt mit S\u00e4tzen wie &#8222;Uns treibt nicht Eroberungslust, uns beseelt der unbeugsame Wille, den Platz zu bewahren, auf den uns Gott gestellt hat, f\u00fcr uns und alle kommenden Geschlechter.&#8220; Dem Aufruf nach Einheit &#8222;Ich kenne keine Partei mehr, ich kenne nur Deutsche!&#8220; kommen auch die Sozialdemokraten nach und stimmen gegen die internationale Solidarit\u00e4t der Werkt\u00e4tigen und f\u00fcr die Kriegskredite.<\/li>\n<\/ul>\n\n\n\n<!--more-->\n\n\n\n<p>Geburtstage:<\/p>\n\n\n\n<p>Vor <strong>165 Jahren<\/strong> geboren: <strong>Knut Hamsun<\/strong>, der vielleicht bedeutendste (Nobelpreis 1920) und (wegen seiner politischen Ansichten) umstrittenste Schriftsteller Norwegens.<\/p>\n\n\n\n<p>Vor <strong>120 Jahren<\/strong> geboren: <strong>Christian-Jaque<\/strong>, franz\u00f6sischer Regisseur (&#8222;Fanfan, der Husar&#8220;, &#8222;Die schwarte Tulpe&#8220;). Gestorben 8.7.1994.<\/p>\n\n\n\n<p>Vor <strong>80 Jahren<\/strong> geboren: <strong>Richard Belzer<\/strong>, US-amerikanischer Schauspieler. Der Detective John Munch in den Serien &#8222;Homicide&#8220; und &#8222;Law &amp; Order: Special Victims Unit&#8220; (und in einzelnen Episoden in anderen Serien wie &#8222;Akte X&#8220;, &#8222;Arrested Development&#8220; oder &#8222;30 Rock&#8220;). Gestorben 19.2.2023.<\/p>\n\n\n\n<p>Vor <strong>65 Jahren<\/strong> geboren: <strong>Robbin Crosby<\/strong>, US-amerikanischer Gitarrist bei den Glam Metallern von Ratt (&#8222;Round and Round&#8220;). Gestorben 6.6.2002.<\/p>\n\n\n\n<p class=\"has-text-align-center\">*<\/p>\n\n\n\n<p>Todestag:<\/p>\n\n\n\n<p><strong>25. Todestag<\/strong> von <strong>Victor Mature<\/strong>. Der US-amerikanische Schauspieler (&#8222;Tumak, der Herr des Urwalds&#8220;, &#8222;Faustrecht der Pr\u00e4rie&#8220;, &#8222;Der Todeskuss&#8220;, &#8222;Samson und Delilah&#8220;, &#8222;Das Gewand&#8220;) starb 86j\u00e4hrig im kalifornischen Rancho Santa Fe.<\/p>\n\n\n\n<pre class=\"wp-block-preformatted\">Mehr und ausf\u00fchrlichere Daten zum 4. August in unserem <a href=\"https:\/\/hinternet.de\/kalender\/0804.php\" target=\"_blank\" rel=\"noreferrer noopener\">Historischen Kalender<\/a><\/pre>\n","protected":false},"excerpt":{"rendered":"<p>217. Tag des Jahres I&#8217;m not an actor &#8211; and I&#8217;ve got 64 films to prove it! Victor Mature Vor 110 Jahren:<\/p>\n","protected":false},"author":2,"featured_media":0,"comment_status":"open","ping_status":"closed","sticky":false,"template":"","format":"standard","meta":{"ub_ctt_via":"","footnotes":""},"categories":[10],"tags":[],"class_list":["post-40033","post","type-post","status-publish","format-standard","hentry","category-kalender"],"featured_image_src":null,"author_info":{"display_name":"mitty","author_link":"https:\/\/hinternet.de\/blog\/author\/walt_mitty\/"},"_links":{"self":[{"href":"https:\/\/hinternet.de\/blog\/wp-json\/wp\/v2\/posts\/40033","targetHints":{"allow":["GET"]}}],"collection":[{"href":"https:\/\/hinternet.de\/blog\/wp-json\/wp\/v2\/posts"}],"about":[{"href":"https:\/\/hinternet.de\/blog\/wp-json\/wp\/v2\/types\/post"}],"author":[{"embeddable":true,"href":"https:\/\/hinternet.de\/blog\/wp-json\/wp\/v2\/users\/2"}],"replies":[{"embeddable":true,"href":"https:\/\/hinternet.de\/blog\/wp-json\/wp\/v2\/comments?post=40033"}],"version-history":[{"count":0,"href":"https:\/\/hinternet.de\/blog\/wp-json\/wp\/v2\/posts\/40033\/revisions"}],"wp:attachment":[{"href":"https:\/\/hinternet.de\/blog\/wp-json\/wp\/v2\/media?parent=40033"}],"wp:term":[{"taxonomy":"category","embeddable":true,"href":"https:\/\/hinternet.de\/blog\/wp-json\/wp\/v2\/categories?post=40033"},{"taxonomy":"post_tag","embeddable":true,"href":"https:\/\/hinternet.de\/blog\/wp-json\/wp\/v2\/tags?post=40033"}],"curies":[{"name":"wp","href":"https:\/\/api.w.org\/{rel}","templated":true}]}}