{"id":40541,"date":"2024-11-24T00:01:00","date_gmt":"2024-11-23T23:01:00","guid":{"rendered":"https:\/\/hinternet.de\/blog\/?p=40541"},"modified":"2024-12-12T01:28:13","modified_gmt":"2024-12-12T00:28:13","slug":"kalenderblatt-24-november-2024","status":"publish","type":"post","link":"https:\/\/hinternet.de\/blog\/2024\/11\/kalenderblatt-24-november-2024\/","title":{"rendered":"Kalenderblatt 24. November 2024"},"content":{"rendered":"\n<pre class=\"wp-block-preformatted\">329. Tag des Jahres<\/pre>\n\n\n\n<figure class=\"wp-block-pullquote\"><blockquote><p>Fernsehmacher sollten auf ihren Bauch h\u00f6ren \u2013 und auf ihre Frauen, dann h\u00e4tten sie mehr Erfolg.<\/p><cite>Wolfgang Rademann<\/cite><\/blockquote><\/figure>\n\n\n\n<p>Vor <strong>165 Jahren<\/strong>: Buchver\u00f6ffentlichung &#8222;<strong><em>\u00dcber die Entstehung der Arten<\/em><\/strong>&#8222;. <strong>Charles Darwin<\/strong> ver\u00f6ffentlicht seinen Klassiker &#8222;\u00dcber die Entstehung der Arten durch nat\u00fcrliche Auslese oder das Erhaltenbleiben der beg\u00fcnstigten Rassen im Ringen um die Existenz&#8220;.<\/p>\n\n\n\n<!--more-->\n\n\n\n<p>Vor <strong>150 Jahren<\/strong>: Joseph F. Glidden erh\u00e4lt an diesem Tag das Patent auf den <strong>Stacheldraht<\/strong>.<\/p>\n\n\n\n<p>Vor <strong>55 Jahren<\/strong>: Albumver\u00f6ffentlichung &#8222;<strong><em>Blue Afternoon<\/em><\/strong>&#8222;. <strong>Tim Buckley <\/strong>ver\u00f6ffentlicht sein viertes Studioalbum.<\/p>\n\n\n\n<p>Geburtstage:<\/p>\n\n\n\n<p>Vor <strong>240 Jahren<\/strong> geboren: <strong>Zachary Taylor<\/strong>, Pr\u00e4sident der USA von 1849 bis zu seinem Tod am 9.7.1850.<\/p>\n\n\n\n<p>Vor <strong>175 Jahren<\/strong> geboren: <strong>Frances Eliza Burnett<\/strong>, in Manchester geborene Schriftstellerin (&#8222;Der kleine Lord&#8220;, &#8222;Eine kleine Prinzessin&#8220;, &#8222;Der geheime Garten&#8220;). 1924 gestorben.<\/p>\n\n\n\n<p>Vor <strong>160 Jahren<\/strong> geboren: <strong>Henri de Toulouse-Lautrec<\/strong>, franz\u00f6sischer Maler. Gestorben 9.9.1901.<\/p>\n\n\n\n<p>Vor <strong>100 Jahren<\/strong> geboren: <strong>Eileen Barton<\/strong>, US-amerikanische S\u00e4ngerin. Gr\u00f6\u00dfter Hit: &#8222;If I Knew You Were Comin&#8216; I&#8217;d&#8217;ve Baked a Cake&#8220; (1950). Gestorben 27.6.2006.<\/p>\n\n\n\n<p>Vor <strong>90 Jahren<\/strong> geboren: <strong>Wolfgang Rademann<\/strong>, deutscher Fernsehproduzent, bekannt vor allem f\u00fcr &#8222;Die Schwarzwaldklinik&#8220; und &#8222;Das Traumschiff&#8220;. Gestorben 31.1.2016.<\/p>\n\n\n\n<p><strong>70. Geburtstag<\/strong> von <\/p>\n\n\n\n<ul class=\"wp-block-list\">\n<li>Filmregisseur <strong>Emir Kusturica<\/strong> (&#8222;Die Zeit der Zigeuner&#8220;, &#8222;Arizona Dream&#8220;, &#8222;Schwarze Katze, wei\u00dfer Kater&#8220;).<\/li>\n\n\n\n<li><strong>Clem Burke<\/strong>, US-amerikanischer Schlagzeuger, bekannt vor allem als jahrzehntelanger Taktgeber bei Blondie.<\/li>\n<\/ul>\n\n\n\n<p><strong>60. Geburtstag<\/strong> von <\/p>\n\n\n\n<ul class=\"wp-block-list\">\n<li><strong>Garret Dillahunt<\/strong>, US-amerikanischer Schauspieler (&#8222;Deadwood&#8220;, &#8222;Raising Hope&#8220;, &#8222;Fear the Walking Dead&#8220;).<\/li>\n\n\n\n<li><strong>Conleth Hill<\/strong>, nordirischer Schauspieler auf der B\u00fchne (zweifacher Gewinner des Laurence Olivier Awards), im Fernsehen (Varys in &#8222;Game of Thrones&#8220;) und im Film (&#8222;Lachsfischen im Jemen&#8220;).<\/li>\n<\/ul>\n\n\n\n<p><\/p>\n\n\n\n<p><\/p>\n\n\n\n<pre class=\"wp-block-preformatted\">Mehr und ausf\u00fchrlichere Daten zum 24. November in unserem <a href=\"https:\/\/hinternet.de\/kalender\/1124.php\">Historischen Kalender<\/a><\/pre>\n","protected":false},"excerpt":{"rendered":"<p>329. Tag des Jahres Fernsehmacher sollten auf ihren Bauch h\u00f6ren \u2013 und auf ihre Frauen, dann h\u00e4tten sie mehr Erfolg. Wolfgang Rademann Vor 165 Jahren: Buchver\u00f6ffentlichung &#8222;\u00dcber die Entstehung der Arten&#8222;. Charles Darwin ver\u00f6ffentlicht seinen Klassiker &#8222;\u00dcber die Entstehung der Arten durch nat\u00fcrliche Auslese oder das Erhaltenbleiben der beg\u00fcnstigten Rassen im Ringen um die Existenz&#8220;.<\/p>\n","protected":false},"author":2,"featured_media":0,"comment_status":"open","ping_status":"closed","sticky":false,"template":"","format":"standard","meta":{"ub_ctt_via":"","footnotes":""},"categories":[10],"tags":[],"class_list":["post-40541","post","type-post","status-publish","format-standard","hentry","category-kalender"],"featured_image_src":null,"author_info":{"display_name":"mitty","author_link":"https:\/\/hinternet.de\/blog\/author\/walt_mitty\/"},"_links":{"self":[{"href":"https:\/\/hinternet.de\/blog\/wp-json\/wp\/v2\/posts\/40541","targetHints":{"allow":["GET"]}}],"collection":[{"href":"https:\/\/hinternet.de\/blog\/wp-json\/wp\/v2\/posts"}],"about":[{"href":"https:\/\/hinternet.de\/blog\/wp-json\/wp\/v2\/types\/post"}],"author":[{"embeddable":true,"href":"https:\/\/hinternet.de\/blog\/wp-json\/wp\/v2\/users\/2"}],"replies":[{"embeddable":true,"href":"https:\/\/hinternet.de\/blog\/wp-json\/wp\/v2\/comments?post=40541"}],"version-history":[{"count":0,"href":"https:\/\/hinternet.de\/blog\/wp-json\/wp\/v2\/posts\/40541\/revisions"}],"wp:attachment":[{"href":"https:\/\/hinternet.de\/blog\/wp-json\/wp\/v2\/media?parent=40541"}],"wp:term":[{"taxonomy":"category","embeddable":true,"href":"https:\/\/hinternet.de\/blog\/wp-json\/wp\/v2\/categories?post=40541"},{"taxonomy":"post_tag","embeddable":true,"href":"https:\/\/hinternet.de\/blog\/wp-json\/wp\/v2\/tags?post=40541"}],"curies":[{"name":"wp","href":"https:\/\/api.w.org\/{rel}","templated":true}]}}