{"id":41315,"date":"2025-04-28T00:01:00","date_gmt":"2025-04-27T22:01:00","guid":{"rendered":"https:\/\/hinternet.de\/blog\/?p=41315"},"modified":"2025-04-14T01:49:53","modified_gmt":"2025-04-13T23:49:53","slug":"kalenderblatt-28-april-2025","status":"publish","type":"post","link":"https:\/\/hinternet.de\/blog\/2025\/04\/kalenderblatt-28-april-2025\/","title":{"rendered":"Kalenderblatt 28. April 2025"},"content":{"rendered":"\n<pre class=\"wp-block-preformatted\">118. Tag des Jahres<br \/>Workers\u2019 Memorial Day [<a href=\"https:\/\/de.wikipedia.org\/wiki\/Workers%E2%80%99_Memorial_Day\" target=\"_blank\" rel=\"noreferrer noopener\">Info<\/a>]<\/pre>\n\n\n\n<figure class=\"wp-block-pullquote\"><blockquote><p>Politics is just show business for ugly people.<\/p><cite>Jay Leno<\/cite><\/blockquote><\/figure>\n\n\n\n<p>Vor <strong>160 Jahren<\/strong>: Opernpremiere &#8222;<strong><em>L\u2019Africaine<\/em><\/strong>&#8222;. An der Pariser Oper wird die <em>Grand op\u00e9ra<\/em> von <strong>Giacomo Meyerbeer<\/strong> \u00e4u\u00dferst erfolgreich uraufgef\u00fchrt, allerdings in einer Bearbeitung des Komponisten Fran\u00e7ois-Joseph F\u00e9tis, denn Meyerbeer ist da schon ein Jahr tot (der Librettist Eug\u00e8ne Scribe sogar schon vier Jahre).<\/p>\n\n\n\n<!--more-->\n\n\n\n<p>Vor <strong>100 Jahren<\/strong>: In Paris wird eine Weltausstellung des Kunstgewerbes und des Industriedesigns er\u00f6ffnet. Die <em>&#8222;Exposition internationale des arts d\u00e9coratifs et industriels&#8220;<\/em> gibt sp\u00e4ter dem auf ihr vorherrschenden Stil den Namen <strong>Art D\u00e9co<\/strong>.<\/p>\n\n\n\n<p>Vor <strong>60 Jahren<\/strong>: Nachdem in Santo Domingo 1962 Juan Bosch in der ersten demokratischen Wahl seit drei Jahrzehnten zum Pr\u00e4sidenten gew\u00e4hlt worden war, dann im September &#8217;63 nach sieben Monaten Regierungszeit durch einen &#8211; von der CIA unterst\u00fctzten Milit\u00e4rputsch gest\u00fcrzt wurde, kam es am 24. April 1965 zu einem Gegenputsch mit dem Ziel, den gew\u00e4hlten Pr\u00e4sidenten Bosch wieder ins Amt zu bringen. Jetzt intervenieren die USA in der &#8222;Operation Power Pack&#8220; milit\u00e4risch in Santo Domingo &#8211; zugunsten der gest\u00fcrzten Milit\u00e4rdiktatur.<br \/>[Anspieltipp: Phil Ochs &#8211; &#8222;<a href=\"https:\/\/www.youtube.com\/watch?v=jC2m5NhRang&amp;\" target=\"_blank\" rel=\"noreferrer noopener nofollow\">Santo Domingo<\/a>&#8222;]<\/p>\n\n\n\n<p>Vor <strong>35 Jahren<\/strong>: <strong><em>Rose-Everly Hochzeit<\/em><\/strong>. Guns&#8217;nRoses-S\u00e4nger <strong>Axl Rose<\/strong> heiratet <strong>Erin Everly<\/strong>, die Tochter von Everly Brother Don Everly.<\/p>\n\n\n\n<p>Geburtstage:<\/p>\n\n\n\n<p>Vor <strong>100 Jahren<\/strong> geboren: <strong>Otto \u0160im\u00e1nek<\/strong>, tschechischer Schauspieler, am bekanntesten durch seine Rolle als Pan Tau. Gestorben 8.5.1992.<\/p>\n\n\n\n<p>Vor <strong>95 Jahren<\/strong> geboren: <strong>Paul Vecchiali<\/strong>, franz\u00f6sischer Filmregisseur (&#8222;Der W\u00fcrger mit dem weissen Schal&#8220;, &#8222;Jeanne Dielman&#8220;, &#8222;Verdammt zur Einsamkeit&#8220;, &#8222;Le cancre&#8220;).<\/p>\n\n\n\n<p>Vor <strong>80 Jahren<\/strong> geboren: <strong>John Wolters<\/strong>, US-amerikanischer Schlagzeuger bei Dr. Hook.<\/p>\n\n\n\n<p>Vor <strong>75 Jahren<\/strong> geboren: <strong>Jay Leno<\/strong>, US-amerikanischer Komiker und als Moderator der Tonight Show, einer der zwei (immer in Konkurrenz zu David Letterman) erfolgreichsten Late-Show-Talkmaster des US-amerikanischen Fernsehens.<\/p>\n\n\n\n<p>Vor <strong>70 Jahren<\/strong> geboren: <strong>Eddie Jobson<\/strong>, britischer Multiinstrumentalist bei Curved Air, Roxy Music und Jethro Tull.<\/p>\n\n\n\n<p>Vor <strong>65 Jahren<\/strong> geboren: <strong>Ian Rankin<\/strong>, schottischer Krimiautor, bekannt f\u00fcr seine Inspector Rebus-Romane.<br \/>[Hinternet: <a href=\"https:\/\/hinternet.de\/blog\/?s=Ian+Rankin&amp;submit=Suchen\">Blogeintr\u00e4ge zu Ian Rankin<\/a>]<\/p>\n\n\n\n<p class=\"has-text-align-center\">*<\/p>\n\n\n\n<p>Todestage:<\/p>\n\n\n\n<p><strong>45. Todestag <\/strong>von <strong>Tommy Caldwell<\/strong>. Der Bassist der Marshall Tucker Band starb an den Kopfverletzungen, die er sich bei einem Autounfall zugezogen hatte.<\/p>\n\n\n\n<p><strong>25. Todestag <\/strong>von <strong>Penelope Fitzgerald<\/strong>. Die englische Schriftstellerin (&#8222;Fr\u00fchlingsanfang&#8220;, &#8222;Ein Hausboot auf der Themse&#8220;, &#8222;Die blaue Blume&#8220;) starb 83j\u00e4hrig in London.<\/p>\n\n\n\n<pre class=\"wp-block-preformatted\">Mehr und ausf\u00fchrlichere Daten zum 28. April in unserem <a href=\"https:\/\/hinternet.de\/kalender\/0428.php\">Historischen Kalender<\/a><\/pre>\n","protected":false},"excerpt":{"rendered":"<p>118. Tag des JahresWorkers\u2019 Memorial Day [Info] Politics is just show business for ugly people. Jay Leno Vor 160 Jahren: Opernpremiere &#8222;L\u2019Africaine&#8222;. An der Pariser Oper wird die Grand op\u00e9ra von Giacomo Meyerbeer \u00e4u\u00dferst erfolgreich uraufgef\u00fchrt, allerdings in einer Bearbeitung des Komponisten Fran\u00e7ois-Joseph F\u00e9tis, denn Meyerbeer ist da schon ein Jahr tot (der Librettist Eug\u00e8ne [&hellip;]<\/p>\n","protected":false},"author":2,"featured_media":0,"comment_status":"open","ping_status":"closed","sticky":false,"template":"","format":"standard","meta":{"ub_ctt_via":"","footnotes":""},"categories":[10],"tags":[],"class_list":["post-41315","post","type-post","status-publish","format-standard","hentry","category-kalender"],"featured_image_src":null,"author_info":{"display_name":"mitty","author_link":"https:\/\/hinternet.de\/blog\/author\/walt_mitty\/"},"_links":{"self":[{"href":"https:\/\/hinternet.de\/blog\/wp-json\/wp\/v2\/posts\/41315","targetHints":{"allow":["GET"]}}],"collection":[{"href":"https:\/\/hinternet.de\/blog\/wp-json\/wp\/v2\/posts"}],"about":[{"href":"https:\/\/hinternet.de\/blog\/wp-json\/wp\/v2\/types\/post"}],"author":[{"embeddable":true,"href":"https:\/\/hinternet.de\/blog\/wp-json\/wp\/v2\/users\/2"}],"replies":[{"embeddable":true,"href":"https:\/\/hinternet.de\/blog\/wp-json\/wp\/v2\/comments?post=41315"}],"version-history":[{"count":0,"href":"https:\/\/hinternet.de\/blog\/wp-json\/wp\/v2\/posts\/41315\/revisions"}],"wp:attachment":[{"href":"https:\/\/hinternet.de\/blog\/wp-json\/wp\/v2\/media?parent=41315"}],"wp:term":[{"taxonomy":"category","embeddable":true,"href":"https:\/\/hinternet.de\/blog\/wp-json\/wp\/v2\/categories?post=41315"},{"taxonomy":"post_tag","embeddable":true,"href":"https:\/\/hinternet.de\/blog\/wp-json\/wp\/v2\/tags?post=41315"}],"curies":[{"name":"wp","href":"https:\/\/api.w.org\/{rel}","templated":true}]}}