{"id":41371,"date":"2025-06-09T00:01:00","date_gmt":"2025-06-08T22:01:00","guid":{"rendered":"https:\/\/hinternet.de\/blog\/?p=41371"},"modified":"2025-06-15T18:32:07","modified_gmt":"2025-06-15T16:32:07","slug":"kalenderblatt-9-juni-2025","status":"publish","type":"post","link":"https:\/\/hinternet.de\/blog\/2025\/06\/kalenderblatt-9-juni-2025\/","title":{"rendered":"Kalenderblatt 9. Juni 2025"},"content":{"rendered":"\n<pre class=\"wp-block-preformatted\">160. Tag des Jahres<\/pre>\n\n\n\n<figure class=\"wp-block-pullquote\"><blockquote><p>Die Rache der Sprache ist das Gedicht.<\/p><cite>Ernst Jandl<\/cite><\/blockquote><\/figure>\n\n\n\n<p>Vor <strong>210 Jahren<\/strong>: Mit der Unterzeichnung der Kongressakte endet nach fast 10 Monaten der <strong>Wiener Kongress<\/strong>.<\/p>\n\n\n\n<p>Vor <strong>75 Jahren<\/strong>: Die Landesrundfunkanstalten BR, HR, Radio Bremen, SDR, SWF und Nordwestdeutscher Rundfunk (NWDR) gr\u00fcnden die <strong>Arbeitsgemeinschaft der \u00f6ffentlich-rechtlichen Rundfunkanstalten<\/strong> (kurz: ARD). Die L\u00e4ndersender vereinbaren zudem ein gemeinsames Fernsehprogramm.<\/p>\n\n\n\n<!--more-->\n\n\n\n<p>Vor <strong>55 Jahren<\/strong>: <strong>Bob Dylan<\/strong> erh\u00e4lt einen <strong>Ehrendoktor<\/strong> in Musik an der Universit\u00e4t von Princeton.<\/p>\n\n\n\n<p>Geburtstage:<\/p>\n\n\n\n<p>Vor <strong>135 Jahren<\/strong> geboren: <strong>Leslie Banks<\/strong>, englischer B\u00fchnen- und Filmschauspieler. Er spielte u.a. den Menschenj\u00e4ger Graf Zaroff in &#8222;The Most Dangerous Game&#8220; (dtsch.: &#8222;Graf Zaroff \u2013 Genie des B\u00f6sen&#8220;) und die Hauptrolle in Hitchcocks erster Version von &#8222;The Man Who Knew Too Much&#8220; von 1934. Gestorben 21.4.1952.<\/p>\n\n\n\n<p>Vor <strong>110 Jahren<\/strong> geboren: <strong>Les Paul<\/strong>, eigentlich: Lester Polsfuss, US-amerikanischer Gitarrist. Ber\u00fchmt f\u00fcr die Gitarren, die er f\u00fcr die Gibson Corporation entwickelte. Gestorben 12.8.2009.<\/p>\n\n\n\n<p>Vor <strong>95 Jahren<\/strong> geboren: <strong>Barbara<\/strong>, franz\u00f6sische Chansons\u00e4ngerin (&#8222;Nantes&#8220;, &#8222;G\u00f6ttingen&#8220;, &#8222;Le Mal de vivre&#8220;, &#8222;L\u2019Aigle noir&#8220;). Gestorben 24.11.1997.<\/p>\n\n\n\n<p>Vor <strong>75 Jahren<\/strong> geboren: <strong>Trevor Bolder<\/strong>, US-amerikanischer Bassist bei den Spiders from Mars, Uriah Heep und Wishbone Ash. Gestorben 21.5.2013.<\/p>\n\n\n\n<p class=\"has-text-align-center\">*<\/p>\n\n\n\n<p>Todestage:<\/p>\n\n\n\n<p><strong>155. Todestag <\/strong>von <strong>Charles Dickens<\/strong>. Der englische Schriftsteller starb 58j\u00e4hrig in Gadshill.<\/p>\n\n\n\n<p><strong>25. Todestag <\/strong>von <strong>Ernst Jandl<\/strong>. Der \u00f6sterreichische Lyriker, Dramatiker und B\u00fcchnerpreistr\u00e4ger starb 74j\u00e4hrig.<\/p>\n\n\n\n<p><strong>10. Todestag <\/strong>von <strong>James Last<\/strong>. Der deutsche BigBandleiter, Komponist und Arrangeur starb 86j\u00e4hrig.<\/p>\n\n\n\n<pre class=\"wp-block-preformatted\">Mehr und ausf\u00fchrlichere Daten zum 9. Juni in unserem <a href=\"https:\/\/hinternet.de\/kalender\/0609.php\">Historischen Kalender<\/a><\/pre>\n","protected":false},"excerpt":{"rendered":"<p>160. Tag des Jahres Die Rache der Sprache ist das Gedicht. Ernst Jandl Vor 210 Jahren: Mit der Unterzeichnung der Kongressakte endet nach fast 10 Monaten der Wiener Kongress. Vor 75 Jahren: Die Landesrundfunkanstalten BR, HR, Radio Bremen, SDR, SWF und Nordwestdeutscher Rundfunk (NWDR) gr\u00fcnden die Arbeitsgemeinschaft der \u00f6ffentlich-rechtlichen Rundfunkanstalten (kurz: ARD). Die L\u00e4ndersender vereinbaren [&hellip;]<\/p>\n","protected":false},"author":2,"featured_media":0,"comment_status":"open","ping_status":"closed","sticky":false,"template":"","format":"standard","meta":{"ub_ctt_via":"","footnotes":""},"categories":[10],"tags":[],"class_list":["post-41371","post","type-post","status-publish","format-standard","hentry","category-kalender"],"featured_image_src":null,"author_info":{"display_name":"mitty","author_link":"https:\/\/hinternet.de\/blog\/author\/walt_mitty\/"},"_links":{"self":[{"href":"https:\/\/hinternet.de\/blog\/wp-json\/wp\/v2\/posts\/41371","targetHints":{"allow":["GET"]}}],"collection":[{"href":"https:\/\/hinternet.de\/blog\/wp-json\/wp\/v2\/posts"}],"about":[{"href":"https:\/\/hinternet.de\/blog\/wp-json\/wp\/v2\/types\/post"}],"author":[{"embeddable":true,"href":"https:\/\/hinternet.de\/blog\/wp-json\/wp\/v2\/users\/2"}],"replies":[{"embeddable":true,"href":"https:\/\/hinternet.de\/blog\/wp-json\/wp\/v2\/comments?post=41371"}],"version-history":[{"count":0,"href":"https:\/\/hinternet.de\/blog\/wp-json\/wp\/v2\/posts\/41371\/revisions"}],"wp:attachment":[{"href":"https:\/\/hinternet.de\/blog\/wp-json\/wp\/v2\/media?parent=41371"}],"wp:term":[{"taxonomy":"category","embeddable":true,"href":"https:\/\/hinternet.de\/blog\/wp-json\/wp\/v2\/categories?post=41371"},{"taxonomy":"post_tag","embeddable":true,"href":"https:\/\/hinternet.de\/blog\/wp-json\/wp\/v2\/tags?post=41371"}],"curies":[{"name":"wp","href":"https:\/\/api.w.org\/{rel}","templated":true}]}}