{"id":42128,"date":"2025-10-06T00:01:00","date_gmt":"2025-10-05T22:01:00","guid":{"rendered":"https:\/\/hinternet.de\/blog\/?p=42128"},"modified":"2025-10-10T16:12:41","modified_gmt":"2025-10-10T14:12:41","slug":"kalenderblatt-6-oktober-2025","status":"publish","type":"post","link":"https:\/\/hinternet.de\/blog\/2025\/10\/kalenderblatt-6-oktober-2025\/","title":{"rendered":"Kalenderblatt 6. Oktober 2025"},"content":{"rendered":"\n<pre class=\"wp-block-preformatted\">279. Tag des Jahres<\/pre>\n\n\n\n<figure class=\"wp-block-pullquote\"><blockquote><p>I delete Instagram from my phone probably twice a week.<\/p><cite>Jenna Ortega<\/cite><\/blockquote><\/figure>\n\n\n\n<p>Vor <strong>425 Jahren<\/strong>: Opernpremiere &#8222;<strong><em>L\u2019Euridice<\/em><\/strong>&#8222;. Anl\u00e4sslich der Hochzeit von K\u00f6nig Heinrich IV. von Frankreich und Prinzessin Maria von Medici wird im Palazzo Pitti in Florenz die Oper von <strong>Jacopo Peri<\/strong> uraufgef\u00fchrt. Heute ist &#8222;L\u2019Euridice&#8220; die <strong>\u00e4lteste <\/strong>noch erhaltene <strong>Oper <\/strong>der Musikgeschichte.<\/p>\n\n\n\n<p>Vor <strong>165 Jahren<\/strong>: Im Zweiten Opiumkrieg erobern britische und franz\u00f6sische Truppen Peking. In den folgenden Tagen werden <strong>Alte <\/strong>und der <strong>Neue Sommerpalast<\/strong> der Kaiser von China erst gepl\u00fcndert und dann <strong>vollst\u00e4ndig zerst\u00f6rt<\/strong>.<\/p>\n\n\n\n<!--more-->\n\n\n\n<p>Vor <strong>80 Jahren<\/strong>: News f\u00fcr 20 Pfennig. Die erste Ausgabe der S\u00fcddeutschen Zeitung erscheint.<\/p>\n\n\n\n<p>Vor <strong>60 Jahren<\/strong>: Albumver\u00f6ffentlichung &#8222;<strong><em>Ev&#8217;rything&#8217;s Coming Up Dusty<\/em><\/strong>&#8222;. Das zweite Studioalbum von <strong>Dusty Springfield<\/strong> erscheint in Gro\u00dfbritannien.<\/p>\n\n\n\n<p>Vor <strong>25  Jahren<\/strong>: Filmpremiere &#8222;<strong><em>Get Carter<\/em><\/strong>&#8222;. Der Actionfilm von Regisseur <strong>Stephen Kay<\/strong> kommt in die US-Kinos. Es ist ein Remake eines Film von 1971. Da spielte Michael Caine die Hauptrolle, diesmal ist es <strong>Sylvester Stallone<\/strong>. Der Film wird von den Kritikern verrissen und kommt auch beim Publikum nicht an: bei einem Budget von gut 63 Millionen US-Dollar spielt er an den Kinokassen nicht einmal 20 Millionen wieder ein.<\/p>\n\n\n\n<p>Vor <strong>15 Jahren: Instagram <\/strong>(ein Kofferwort aus instant camera und telegram) wird ver\u00f6ffentlicht. Zun\u00e4chst nur f\u00fcr die Apple-Welt gewinnt die App sehr schnell an Beliebtheit. Nach zwei Monaten hat Instagram bereits 1 Million registrierte Nutzer. 2012 kauft dann Facebook die App f\u00fcr <strong>1 Milliarde US-Dollar<\/strong>.<\/p>\n\n\n\n<p>Geburtstage:<\/p>\n\n\n\n<p>Vor <strong>120 Jahren<\/strong> geboren: <strong>Wolfgang Liebeneiner<\/strong>, deutscher Schauspieler (&#8222;Liebelei&#8220;, &#8222;Freut Euch des Lebens&#8220;) und Regisseur f\u00fcr Theater (&#8222;Drau\u00dfen vor der T\u00fcr&#8220;) und Film (&#8222;Der Mustergatte&#8220;, &#8222;Gro\u00dfstadtmelodie&#8220;, &#8222;Auf der Reeperbahn nachts um halb eins&#8220;, &#8222;Die Trapp-Familie&#8220;, &#8222;Schlu\u00dfakkord&#8220;, &#8222;Wenn s\u00fc\u00df das Mondlicht auf den H\u00fcgeln schl\u00e4ft&#8220;). Von 1933 bis 1944 verheiratet mit der Schauspilerin Ruth Hellberg (&#8222;Yvette&#8220;), seit 1944 mit der Schauspielerin Hilde Krahl (&#8222;Der Postmeister&#8220;). Vater der Schauspielerinnen Johanna Liebeneiner und Mica\u00ebla Krei\u00dfler. Gestorben 29.11.1987.<\/p>\n\n\n\n<p>Vor <strong>75 Jahren<\/strong> geboren: <\/p>\n\n\n\n<ul class=\"wp-block-list\">\n<li><strong>Thomas McClary<\/strong>, US-amerikanischer Gitarrist der Commodores.<\/li>\n\n\n\n<li><strong>David Brin<\/strong>, US-amerikanischer Science Fiction-Autor (&#8222;Uplift-Zyklus).<\/li>\n<\/ul>\n\n\n\n<p><strong>65. Geburtstag<\/strong> von <strong>Richard Jobson<\/strong>, schottischer S\u00e4nger und Songschreiber (bei den Skids, bei The Armoury Show und solo) und Regisseur (&#8222;New Town Killers&#8220;, &#8222;Desolation \u2013 16 Years of Alcohol&#8220;).<\/p>\n\n\n\n<p class=\"has-text-align-center\">*<\/p>\n\n\n\n<p>Todestag:<\/p>\n\n\n\n<p><strong>40. Todestag <\/strong>von <strong>Nelson Riddle<\/strong>. Der US-amerikanische Orchesterleiter starb mit 64 Jahren.<\/p>\n\n\n\n<pre class=\"wp-block-preformatted\">Mehr und ausf\u00fchrlichere Daten zum 6. Oktober in unserem <a href=\"https:\/\/hinternet.de\/kalender\/1006.php\">Historischen Kalender<\/a><\/pre>\n","protected":false},"excerpt":{"rendered":"<p>279. Tag des Jahres I delete Instagram from my phone probably twice a week. Jenna Ortega Vor 425 Jahren: Opernpremiere &#8222;L\u2019Euridice&#8222;. Anl\u00e4sslich der Hochzeit von K\u00f6nig Heinrich IV. von Frankreich und Prinzessin Maria von Medici wird im Palazzo Pitti in Florenz die Oper von Jacopo Peri uraufgef\u00fchrt. Heute ist &#8222;L\u2019Euridice&#8220; die \u00e4lteste noch erhaltene Oper [&hellip;]<\/p>\n","protected":false},"author":2,"featured_media":0,"comment_status":"open","ping_status":"closed","sticky":false,"template":"","format":"standard","meta":{"ub_ctt_via":"","footnotes":""},"categories":[10],"tags":[],"class_list":["post-42128","post","type-post","status-publish","format-standard","hentry","category-kalender"],"featured_image_src":null,"author_info":{"display_name":"mitty","author_link":"https:\/\/hinternet.de\/blog\/author\/walt_mitty\/"},"_links":{"self":[{"href":"https:\/\/hinternet.de\/blog\/wp-json\/wp\/v2\/posts\/42128","targetHints":{"allow":["GET"]}}],"collection":[{"href":"https:\/\/hinternet.de\/blog\/wp-json\/wp\/v2\/posts"}],"about":[{"href":"https:\/\/hinternet.de\/blog\/wp-json\/wp\/v2\/types\/post"}],"author":[{"embeddable":true,"href":"https:\/\/hinternet.de\/blog\/wp-json\/wp\/v2\/users\/2"}],"replies":[{"embeddable":true,"href":"https:\/\/hinternet.de\/blog\/wp-json\/wp\/v2\/comments?post=42128"}],"version-history":[{"count":0,"href":"https:\/\/hinternet.de\/blog\/wp-json\/wp\/v2\/posts\/42128\/revisions"}],"wp:attachment":[{"href":"https:\/\/hinternet.de\/blog\/wp-json\/wp\/v2\/media?parent=42128"}],"wp:term":[{"taxonomy":"category","embeddable":true,"href":"https:\/\/hinternet.de\/blog\/wp-json\/wp\/v2\/categories?post=42128"},{"taxonomy":"post_tag","embeddable":true,"href":"https:\/\/hinternet.de\/blog\/wp-json\/wp\/v2\/tags?post=42128"}],"curies":[{"name":"wp","href":"https:\/\/api.w.org\/{rel}","templated":true}]}}