{"id":42249,"date":"2025-11-25T00:01:00","date_gmt":"2025-11-24T23:01:00","guid":{"rendered":"https:\/\/hinternet.de\/blog\/?p=42249"},"modified":"2025-11-10T20:34:26","modified_gmt":"2025-11-10T19:34:26","slug":"kalenderblatt-25-november-2025","status":"publish","type":"post","link":"https:\/\/hinternet.de\/blog\/2025\/11\/kalenderblatt-25-november-2025\/","title":{"rendered":"Kalenderblatt 25. November 2025"},"content":{"rendered":"\n<pre class=\"wp-block-preformatted\">329. Tag des Jahres<\/pre>\n\n\n\n<figure class=\"wp-block-pullquote\"><blockquote><p>Vollkommene Reinheit ist m\u00f6glich, wenn du dein Leben in eine Gedichtzeile verwandelst, die mit einem Spritzer Blut geschrieben ist.<\/p><cite>Mishima Yukio<\/cite><\/blockquote><\/figure>\n\n\n\n<p>Vor <strong>100 Jahren<\/strong>: Hut auf. Das t\u00fcrkische Parlament verabschiedet das &#8222;<strong>Hutgesetz<\/strong>&#8222;.<\/p>\n\n\n\n<p>Vor <strong>55 Jahren<\/strong>: Albumver\u00f6ffentlichung &#8222;<strong><em>Christmas and the Beads of Sweat<\/em><\/strong>&#8222;. Das vierte <strong>Laura Nyro<\/strong>-Album erscheint.<\/p>\n\n\n\n<p>Vor <strong>50 Jahren<\/strong>: U.a. die <strong>\u00d6lkrise <\/strong>veranlasst die USA, die gesetzliche <strong>H\u00f6chstgeschwindigkeit <\/strong>im Land herabzusetzen. In Deutschland wird dar\u00fcberhinaus an diesem Sonntag ein <strong>Fahrverbot <\/strong>erlassen.<\/p>\n\n\n\n<p>Geburtstage:<\/p>\n\n\n\n<p>Vor <strong>190 Jahren<\/strong> geboren: <strong>Andrew Carnegie<\/strong>, US-amerikanischer Unternehmer. Spekulierte sich ein gewaltiges Verm\u00f6gen zusammen. 1901 verkaufte er die von ihm gegr\u00fcndete Carnegie Steel Corporation (das gr\u00f6\u00dfte Stahlunternehmen der USA) und benutzte sein Geld zugunsten sozialer und kultureller Einrichtungen wie Carnegie Foundation, Carnegie Endowment for International Peace, Carnegie Institution of Washington, Carnegie Hero Fund Commission, Carnegie Corporation of New York, Carnegie Institute of Technology, Andrew Carnegie Library und nat\u00fcrlich die Carnegie Hall in New York City.<\/p>\n\n\n\n<p>Vor <strong>110 Jahren<\/strong> geboren: <strong>Augusto Pinochet<\/strong>, chilenischer General und Diktator, der 1973 die Regierung von Salvador Allende in einem blutigen Putsch st\u00fcrzte.<\/p>\n\n\n\n<p>Vor <strong>105 Jahren<\/strong> geboren: <strong>Ricardo Montalban<\/strong>, mexikanischer Schauspieler, der Star Trek-Finsterling Khan sowohl 1967 in der Fernsehserie als auch 1982 in &#8222;Star Trek II: Die Rache des Khan&#8220;.<\/p>\n\n\n\n<p>Vor <strong>85 Jahren<\/strong> geboren: <strong>Percy Sledge<\/strong>, US-amerikanischer S\u00e4nger. Gleich seine erste Single war auch sein gr\u00f6\u00dfter Hit: &#8222;When a Man Loves a Woman&#8220;. Gestorben 14.4.2015.<\/p>\n\n\n\n<p>Vor <strong>75 Jahren<\/strong> geboren: <strong>Giorgio Faletti<\/strong>, italienischer Krimiautor (&#8222;Ich t\u00f6te&#8220;, &#8222;Im Augenblick des Todes&#8220;), Komponist und Schauspieler. Gestorben 4.7.2014.<\/p>\n\n\n\n<p>Vor <strong>65 Jahren<\/strong> geboren: <strong>Amy Grant<\/strong>, US-amerikanische Singer\/Songwriterin (&#8222;The Next Time I Fall&#8220; &#8211; im Duett mit Peter Cetera, &#8222;Baby Baby&#8220;).<\/p>\n\n\n\n<p>Vor <strong>65 Jahren<\/strong> geboren: <strong>John F. Kennedy Jr.<\/strong>, Genannt: John-John. Sohn von John F. and Jacqueline Kennedy. US-amerikanischer Rechtsanwalt.<\/p>\n\n\n\n<p class=\"has-text-align-center\">*<\/p>\n\n\n\n<p>Todestage:<\/p>\n\n\n\n<p><strong>465. Todestag <\/strong>von <strong>Andrea Doria<\/strong>. Der italienische Seefahrer starb 5 Tage vor seinem 94. Geburtstag in Genua.<\/p>\n\n\n\n<p><strong>75. Todestag <\/strong>von <strong>Johannes Vilhelm Jensen<\/strong>. Der d\u00e4nische Literaturnobelpreistr\u00e4ger (&#8222;Die lange Reise&#8220;) starb 77j\u00e4hrig in Kopenhagen.<\/p>\n\n\n\n<p><strong>55. Todestag <\/strong>von <\/p>\n\n\n\n<ul class=\"wp-block-list\">\n<li><strong>Mishima Yukio<\/strong>. Der japanische Schriftsteller (&#8222;Gest\u00e4ndnis einer Maske&#8220;) begeht in Tokio Suizid auf die klassisch-rituelle Art (mit Bauchaufschlitzen und Kopfabschlagen und so).<\/li>\n\n\n\n<li><strong>Albert Ayler<\/strong>. Der US-amerikanische Jazzsaxophonist wird tot aus dem New Yorker East River gefischt. Die meisten vermuten Selbstmord. Er wird 34 Jahre alt.<\/li>\n<\/ul>\n\n\n\n<pre class=\"wp-block-preformatted\">Mehr und ausf\u00fchrlichere Daten zum 25. November in unserem <a href=\"https:\/\/hinternet.de\/kalender\/1125.php\">Historischen Kalender<\/a><\/pre>\n","protected":false},"excerpt":{"rendered":"<p>329. Tag des Jahres Vollkommene Reinheit ist m\u00f6glich, wenn du dein Leben in eine Gedichtzeile verwandelst, die mit einem Spritzer Blut geschrieben ist. Mishima Yukio Vor 100 Jahren: Hut auf. Das t\u00fcrkische Parlament verabschiedet das &#8222;Hutgesetz&#8222;. Vor 55 Jahren: Albumver\u00f6ffentlichung &#8222;Christmas and the Beads of Sweat&#8222;. Das vierte Laura Nyro-Album erscheint. Vor 50 Jahren: U.a. [&hellip;]<\/p>\n","protected":false},"author":2,"featured_media":0,"comment_status":"open","ping_status":"closed","sticky":false,"template":"","format":"standard","meta":{"ub_ctt_via":"","footnotes":""},"categories":[10],"tags":[],"class_list":["post-42249","post","type-post","status-publish","format-standard","hentry","category-kalender"],"featured_image_src":null,"author_info":{"display_name":"mitty","author_link":"https:\/\/hinternet.de\/blog\/author\/walt_mitty\/"},"_links":{"self":[{"href":"https:\/\/hinternet.de\/blog\/wp-json\/wp\/v2\/posts\/42249","targetHints":{"allow":["GET"]}}],"collection":[{"href":"https:\/\/hinternet.de\/blog\/wp-json\/wp\/v2\/posts"}],"about":[{"href":"https:\/\/hinternet.de\/blog\/wp-json\/wp\/v2\/types\/post"}],"author":[{"embeddable":true,"href":"https:\/\/hinternet.de\/blog\/wp-json\/wp\/v2\/users\/2"}],"replies":[{"embeddable":true,"href":"https:\/\/hinternet.de\/blog\/wp-json\/wp\/v2\/comments?post=42249"}],"version-history":[{"count":0,"href":"https:\/\/hinternet.de\/blog\/wp-json\/wp\/v2\/posts\/42249\/revisions"}],"wp:attachment":[{"href":"https:\/\/hinternet.de\/blog\/wp-json\/wp\/v2\/media?parent=42249"}],"wp:term":[{"taxonomy":"category","embeddable":true,"href":"https:\/\/hinternet.de\/blog\/wp-json\/wp\/v2\/categories?post=42249"},{"taxonomy":"post_tag","embeddable":true,"href":"https:\/\/hinternet.de\/blog\/wp-json\/wp\/v2\/tags?post=42249"}],"curies":[{"name":"wp","href":"https:\/\/api.w.org\/{rel}","templated":true}]}}