{"id":42250,"date":"2025-11-26T00:01:00","date_gmt":"2025-11-25T23:01:00","guid":{"rendered":"https:\/\/hinternet.de\/blog\/?p=42250"},"modified":"2025-11-10T20:38:17","modified_gmt":"2025-11-10T19:38:17","slug":"kalenderblatt-26-november-2025","status":"publish","type":"post","link":"https:\/\/hinternet.de\/blog\/2025\/11\/kalenderblatt-26-november-2025\/","title":{"rendered":"Kalenderblatt 26. November 2025"},"content":{"rendered":"\n<pre class=\"wp-block-preformatted\">330. Tag des Jahres<\/pre>\n\n\n\n<figure class=\"wp-block-pullquote\"><blockquote><p>All the mistakes in my life have been alcohol induced, I\u2019m not a very good person when I drink.<\/p><cite>John McVie<\/cite><\/blockquote><\/figure>\n\n\n\n<p>Vor <strong>60 Jahren<\/strong>: <\/p>\n\n\n\n<ul class=\"wp-block-list\">\n<li><strong><em>Nr. 3 im All<\/em><\/strong>. In der Sahara gelingt es Frankreich erfolgreich einen Satelliten ins All zu schiessen. Die &#8222;grande nation&#8220; wird damit dritte Macht im All. Der 42kg schwere Satellite h\u00f6rt \u00fcbrigens auf den Namen <strong>Asterix-1<\/strong>.<\/li>\n\n\n\n<li>Albumver\u00f6ffentlichung &#8222;<strong><em>The Kink Kontroversy<\/em><\/strong>&#8222;. <strong>The Kinks<\/strong> ver\u00f6ffentlichen ihr drittes Album.<\/li>\n<\/ul>\n\n\n\n<p>Geburtstage:<\/p>\n\n\n\n<p>Vor <strong>115 Jahren<\/strong> geboren: <strong>Cyril Cusack<\/strong>, irischer Schauspieler (&#8222;Mein linker Fu\u00df&#8220;, &#8222;1984&#8220;, &#8222;Harold and Maude&#8220;, &#8222;David Copperfield&#8220;, &#8222;Fahrenheit 451&#8220;, &#8222;Der Spion der aus der K\u00e4lte kam&#8220;). Vater der Schauspielerinnen Sin\u00e9ad Cusack und Sorcha Cusack. Gro\u00dfvater von Schauspieler Max Irons. Gestorben 7.10.1993.<\/p>\n\n\n\n<p>Vor <strong>105 Jahren<\/strong> geboren: <strong>Daniel Petrie<\/strong>, kanadischer Regisseur (&#8222;The Bronx&#8220;, &#8222;Coocoon II &#8211; Die R\u00fcckkehr&#8220;). Vater von Regisseur Donald Petrie (&#8222;Ein verr\u00fccktes Paar&#8220;, &#8222;Der Onkel vom Mars&#8220;, &#8222;Wie werde ich ihn los &#8211; in 10 Tagen?&#8220;) und Drehbuchautor\/Regisseur Daniel Petrie Jr. (&#8222;Beverly Hills Cop&#8220;, &#8222;The Big Easy&#8220;, &#8222;M\u00f6rderischer Vorsprung&#8220;). Gestorben 22.8.2004.<\/p>\n\n\n\n<p>Vor <strong>80 Jahren<\/strong> geboren: <\/p>\n\n\n\n<ul class=\"wp-block-list\">\n<li><strong>John McVie<\/strong>, englischer Bassist, erst bei John Mayalls Bluesbreakers und danach Gr\u00fcndungsmitglied von Fleetwood Mac.<\/li>\n\n\n\n<li><strong>Daniel Davis<\/strong>, US-amerikanischer Schauspieler (Der Professor Moriarty in &#8222;Star Trek: Next Generation&#8220; und der Butler Niles in &#8222;Die Nanny&#8220;).<\/li>\n<\/ul>\n\n\n\n<p>Vor <strong>60 Jahren<\/strong> geboren: <strong>Christian Clerici<\/strong>, \u00f6sterreichischer Fernsehmoderator (&#8222;Herzblatt&#8220;).<\/p>\n\n\n\n<p class=\"has-text-align-center\">*<\/p>\n\n\n\n<p>Todestage:<\/p>\n\n\n\n<p><strong>170. Todestag <\/strong>von <strong>Adam Mickiewicz<\/strong>. Der polnische Dichter (&#8222;Herr Thadd\u00e4us oder der letzte Einfall in Litauen&#8220;) starb 56j\u00e4hrig in Konstantinopel an Cholera.<\/p>\n\n\n\n<p><strong>75. Todestag <\/strong>von <strong>Hedwig Courths-Mahler<\/strong>. Die deutsche Schriftstellerin (&#8222;Griseldis&#8220;) starb 83j\u00e4hrig am Tegernsee.<\/p>\n\n\n\n<p><strong>30. Todestag <\/strong>von <strong>Wim Thoelke<\/strong>. Der deutsche TV-Moderator (&#8222;Das Aktuelle Sportstudio&#8220;, &#8222;Der gro\u00dfe Preis&#8220;) starb 68j\u00e4hrig in Wiesbaden.<\/p>\n\n\n\n<pre class=\"wp-block-preformatted\">Mehr und ausf\u00fchrlichere Daten zum 26. November in unserem <a href=\"https:\/\/hinternet.de\/kalender\/1126.php\">Historischen Kalender<\/a><\/pre>\n","protected":false},"excerpt":{"rendered":"<p>330. Tag des Jahres All the mistakes in my life have been alcohol induced, I\u2019m not a very good person when I drink. John McVie Vor 60 Jahren: Geburtstage: Vor 115 Jahren geboren: Cyril Cusack, irischer Schauspieler (&#8222;Mein linker Fu\u00df&#8220;, &#8222;1984&#8220;, &#8222;Harold and Maude&#8220;, &#8222;David Copperfield&#8220;, &#8222;Fahrenheit 451&#8220;, &#8222;Der Spion der aus der K\u00e4lte kam&#8220;). [&hellip;]<\/p>\n","protected":false},"author":2,"featured_media":0,"comment_status":"open","ping_status":"closed","sticky":false,"template":"","format":"standard","meta":{"ub_ctt_via":"","footnotes":""},"categories":[10],"tags":[],"class_list":["post-42250","post","type-post","status-publish","format-standard","hentry","category-kalender"],"featured_image_src":null,"author_info":{"display_name":"mitty","author_link":"https:\/\/hinternet.de\/blog\/author\/walt_mitty\/"},"_links":{"self":[{"href":"https:\/\/hinternet.de\/blog\/wp-json\/wp\/v2\/posts\/42250","targetHints":{"allow":["GET"]}}],"collection":[{"href":"https:\/\/hinternet.de\/blog\/wp-json\/wp\/v2\/posts"}],"about":[{"href":"https:\/\/hinternet.de\/blog\/wp-json\/wp\/v2\/types\/post"}],"author":[{"embeddable":true,"href":"https:\/\/hinternet.de\/blog\/wp-json\/wp\/v2\/users\/2"}],"replies":[{"embeddable":true,"href":"https:\/\/hinternet.de\/blog\/wp-json\/wp\/v2\/comments?post=42250"}],"version-history":[{"count":0,"href":"https:\/\/hinternet.de\/blog\/wp-json\/wp\/v2\/posts\/42250\/revisions"}],"wp:attachment":[{"href":"https:\/\/hinternet.de\/blog\/wp-json\/wp\/v2\/media?parent=42250"}],"wp:term":[{"taxonomy":"category","embeddable":true,"href":"https:\/\/hinternet.de\/blog\/wp-json\/wp\/v2\/categories?post=42250"},{"taxonomy":"post_tag","embeddable":true,"href":"https:\/\/hinternet.de\/blog\/wp-json\/wp\/v2\/tags?post=42250"}],"curies":[{"name":"wp","href":"https:\/\/api.w.org\/{rel}","templated":true}]}}