{"id":42251,"date":"2025-11-27T00:01:00","date_gmt":"2025-11-26T23:01:00","guid":{"rendered":"https:\/\/hinternet.de\/blog\/?p=42251"},"modified":"2025-11-10T20:42:49","modified_gmt":"2025-11-10T19:42:49","slug":"kalenderblatt-27-november-2025","status":"publish","type":"post","link":"https:\/\/hinternet.de\/blog\/2025\/11\/kalenderblatt-27-november-2025\/","title":{"rendered":"Kalenderblatt 27. November 2025"},"content":{"rendered":"\n<pre class=\"wp-block-preformatted\">331. Tag des Jahres<\/pre>\n\n\n\n<figure class=\"wp-block-pullquote\"><blockquote><p>F\u00fcr viele ist der Konzertsaal wie eine warme Badewanne. Da kann ein kalter Wasserguss daran erinnern, dass wir lebendige Menschen sind.<\/p><cite>Helmut Lachenmann<\/cite><\/blockquote><\/figure>\n\n\n\n<p>Vor <strong>55 Jahren<\/strong>: Albumver\u00f6ffentlichung &#8222;<strong>Lola Versus Powerman and the Moneygoround, Part One<\/strong>&#8222;. The Kinks ver\u00f6ffentlichen ihr achtes Studioalbum.<\/p>\n\n\n\n<!--more-->\n\n\n\n<p>Geburtstage:<\/p>\n\n\n\n<p>Vor <strong>95 Jahren<\/strong> geboren: <strong>Reinhard Glemnitz<\/strong>, deutscher Schauspieler, bekannt vor allem durch eine Rolle: in der TV-Serie &#8222;Der Kommissar&#8220; war er der Assistent Robert (Heines).<\/p>\n\n\n\n<p>Vor <strong>90 Jahren<\/strong> geboren: <\/p>\n\n\n\n<ul class=\"wp-block-list\">\n<li><strong>Al Jackson<\/strong>, US-amerikanischer Schlagzeuger (Spitzname &#8222;The Human Timekeeper&#8220;) mit Booker T. and the M.G.&#8217;s und als Studiomusiker f\u00fcr das Stax-Label. 1975 ermordet.<\/li>\n\n\n\n<li><strong>Helmut Lachenmann<\/strong>, deutscher Komponist (&#8222;Tanzsuite mit Deutschlandlied&#8220;, Oper: &#8222;Das M\u00e4dchen mit den Schwefelh\u00f6lzern&#8220;).<\/li>\n\n\n\n<li><strong>Les Blank<\/strong>, US-amerikanischer Dokumentarfilmer (&#8222;Ich ging zum Tanz. Die Cajun und Zydeco-Musik von Louisiana&#8220;, &#8222;Ry Cooder &amp; The Moula Banda Rhythm Aces: Let&#8217;s Have a Ball&#8220;, &#8222;In Heaven There Is No Beer?&#8220;, &#8222;Die Last der Tr\u00e4ume&#8220;).<\/li>\n<\/ul>\n\n\n\n<p>Vor <strong>85 Jahren<\/strong> geboren: <strong>Bruce Lee<\/strong>, (Eigentlich: Liu Yuen Kam) Martial Arts Legende und Schauspieler (&#8222;Der Mann mit der Todeskralle&#8220;). Vater von Schauspieler Brandon Lee. Gestorben 20.7.1973.<\/p>\n\n\n\n<p>Vor <strong>80 Jahren<\/strong> geboren: <\/p>\n\n\n\n<ul class=\"wp-block-list\">\n<li><strong>Randy Brecker<\/strong>, US-amerikanischer Musiker.<\/li>\n\n\n\n<li><strong>James Avery<\/strong>, US-amerikanischer Schauspieler (&#8222;Der Prinz von Bel-Air&#8220;). Gestorben 31.12.2013.<\/li>\n<\/ul>\n\n\n\n<p>Vor <strong>55 Jahren<\/strong> geboren: <\/p>\n\n\n\n<ul class=\"wp-block-list\">\n<li><strong>Skoob<\/strong>, Rapper bei DAS EFX.<\/li>\n\n\n\n<li><strong>Han Kang<\/strong>, s\u00fcdkoreanische Schriftstellerin (&#8222;Die Vegetarierin&#8220;). Literaturnobelpreis 2024.<\/li>\n<\/ul>\n\n\n\n<p class=\"has-text-align-center\">*<\/p>\n\n\n\n<p>Todestage:<\/p>\n\n\n\n<p><strong>130. Todestag <\/strong>von <strong>Alexandre Dumas (Sohn)<\/strong>. Der franz\u00f6sische Schriftsteller (&#8222;Die Kameliendame&#8220;) und uneheliche Sohn von Alexandre Dumas (der \u00c4ltere) starb 71j\u00e4hrig in Marly-le-Roi.<\/p>\n\n\n\n<p><strong>100. Todestag <\/strong>von <strong>Roger-No\u00ebl-Fran\u00e7ois de La Fresnaye<\/strong>. Der franz\u00f6sische Maler (&#8222;Die Eroberung der Luft&#8220;) starb 40j\u00e4hrig in Grasse.<\/p>\n\n\n\n<p><strong>70. Todestag <\/strong>von <strong>Arthur Honegger<\/strong>. Der franz\u00f6sisch-schweizer Komponist starb 63j\u00e4hrig in Paris.<\/p>\n\n\n\n<p><strong>40. Todestag <\/strong>von <strong>Andr\u00e9 Hunebelle<\/strong>. Der franz\u00f6sische Filmregisseur (&#8222;Casino de Paris&#8220;, &#8222;Im Zeichen der Lilie&#8220;, &#8222;Fant\u00f4mas&#8220;) starb 89j\u00e4hrig in Nizza.<\/p>\n\n\n\n<pre class=\"wp-block-preformatted\">Mehr und ausf\u00fchrlichere Daten zum 27. November in unserem <a href=\"https:\/\/hinternet.de\/kalender\/1127.php\">Historischen Kalender<\/a><\/pre>\n\n\n\n<p><\/p>\n","protected":false},"excerpt":{"rendered":"<p>331. Tag des Jahres F\u00fcr viele ist der Konzertsaal wie eine warme Badewanne. Da kann ein kalter Wasserguss daran erinnern, dass wir lebendige Menschen sind. Helmut Lachenmann Vor 55 Jahren: Albumver\u00f6ffentlichung &#8222;Lola Versus Powerman and the Moneygoround, Part One&#8222;. The Kinks ver\u00f6ffentlichen ihr achtes Studioalbum.<\/p>\n","protected":false},"author":2,"featured_media":0,"comment_status":"open","ping_status":"closed","sticky":false,"template":"","format":"standard","meta":{"ub_ctt_via":"","footnotes":""},"categories":[10],"tags":[],"class_list":["post-42251","post","type-post","status-publish","format-standard","hentry","category-kalender"],"featured_image_src":null,"author_info":{"display_name":"mitty","author_link":"https:\/\/hinternet.de\/blog\/author\/walt_mitty\/"},"_links":{"self":[{"href":"https:\/\/hinternet.de\/blog\/wp-json\/wp\/v2\/posts\/42251","targetHints":{"allow":["GET"]}}],"collection":[{"href":"https:\/\/hinternet.de\/blog\/wp-json\/wp\/v2\/posts"}],"about":[{"href":"https:\/\/hinternet.de\/blog\/wp-json\/wp\/v2\/types\/post"}],"author":[{"embeddable":true,"href":"https:\/\/hinternet.de\/blog\/wp-json\/wp\/v2\/users\/2"}],"replies":[{"embeddable":true,"href":"https:\/\/hinternet.de\/blog\/wp-json\/wp\/v2\/comments?post=42251"}],"version-history":[{"count":0,"href":"https:\/\/hinternet.de\/blog\/wp-json\/wp\/v2\/posts\/42251\/revisions"}],"wp:attachment":[{"href":"https:\/\/hinternet.de\/blog\/wp-json\/wp\/v2\/media?parent=42251"}],"wp:term":[{"taxonomy":"category","embeddable":true,"href":"https:\/\/hinternet.de\/blog\/wp-json\/wp\/v2\/categories?post=42251"},{"taxonomy":"post_tag","embeddable":true,"href":"https:\/\/hinternet.de\/blog\/wp-json\/wp\/v2\/tags?post=42251"}],"curies":[{"name":"wp","href":"https:\/\/api.w.org\/{rel}","templated":true}]}}