{"id":42302,"date":"2026-01-15T00:01:00","date_gmt":"2026-01-14T23:01:00","guid":{"rendered":"https:\/\/hinternet.de\/blog\/?p=42302"},"modified":"2026-01-24T02:18:54","modified_gmt":"2026-01-24T01:18:54","slug":"kalenderblatt-15-januar-2026","status":"publish","type":"post","link":"https:\/\/hinternet.de\/blog\/2026\/01\/kalenderblatt-15-januar-2026\/","title":{"rendered":"Kalenderblatt 15. Januar 2026"},"content":{"rendered":"\n<pre class=\"wp-block-preformatted\">15. Tag des Jahres<\/pre>\n\n\n\n<p>Vor <strong>130 Jahren<\/strong>: In Paris macht der dortige Automobilklub die weltweit <strong>erste Autovermietung<\/strong> auf. Ziel ist es Leute f\u00fcr das (damals noch nicht sooo verbreitete) Autofahren zu interessieren. F\u00fcr 3 Francs die Stunde oder 30 f\u00fcr den ganzen Tag kann man einen der 6 Wagen (inklusive Chauffeur!) mieten.<\/p>\n\n\n\n<p>Vor <strong>60 Jahren<\/strong>: Theaterpremiere &#8222;Die Plebejer proben den Aufstand&#8220;. Das Theaterst\u00fcck in dem G\u00fcnter Grass den 1953er Aufstand in der DDR verarbeitet hat in Berlin Premiere.<\/p>\n\n\n\n<!--more-->\n\n\n\n<p>Vor <strong>45 Jahren<\/strong>: Albumver\u00f6ffentlichung &#8222;In Our Lifetime&#8220;. Das sechszehnte Studioalbum von Marvin Gaye erscheint.<\/p>\n\n\n\n<p>Vor <strong>45 Jahren<\/strong>: Albumver\u00f6ffentlichung &#8222;Stands for Decibels&#8220;. The db\u00b4s ver\u00f6ffentlichen ihr Deb\u00fctalbum.<\/p>\n\n\n\n<p>Vor <strong>35 Jahren<\/strong>: Albumver\u00f6ffentlichung &#8222;Step In the Arena&#8220;. Gang Starr ver\u00f6ffentlichen ihr zweites Studioalbum.<\/p>\n\n\n\n<p>Vor <strong>25 Jahren<\/strong>: Information f\u00fcr alle. Die Wikipedia geht online &#8211; zun\u00e4chst nur in englischer Sprache.<\/p>\n\n\n\n<p>Vor <strong>235 Jahren<\/strong> geboren: <strong>Franz Grillparzer<\/strong>, Schriftsteller. Bedeutendster \u00f6sterreichischer Dramatiker, der in seinen Theaterst\u00fccken das \u00f6sterreichische und spanische Barocktheater mit dem Wiener Volkstheater und der Romantik zu einem eigenen klassischen Stil verbindet und damit die Verbindung \u00d6sterreichs zur Weimarer Klassik herstellt (&#8222;K\u00f6nig Ottokars Gl\u00fcck und Ende&#8220; (1825), &#8222;Ein treuer Diener seines Herrn&#8220; (1830)). Gestorben 21.1.1872.<\/p>\n\n\n\n<p>Vor <strong>120 Jahren<\/strong> geboren: <strong>Aristoteles Onassis<\/strong>, Griechischer Reeder und Milliard\u00e4r. Zweiter Ehemann von Jaqueline Kennedy. Gestorben 15.3.1975.<\/p>\n\n\n\n<p>Vor <strong>100 Jahren<\/strong> geboren: <strong>Maria Schell<\/strong>, \u00d6sterreichisch-schweizerische Schauspielerin (&#8222;Bis wir uns wiedersehen&#8220;, &#8222;Die Gebr\u00fcder Karamasow&#8220;, &#8222;Der Galgenbaum&#8220;). Gestorben 26.4.2006.<\/p>\n\n\n\n<p>Vor <strong>85 Jahren<\/strong> geboren: <strong>Don Van Vliet<\/strong>, US-amerikanischer Musiker (bekannt unter seinem K\u00fcnstlernamen Captain Beefheart) und Maler. Gestorben 17.12.2010.<\/p>\n\n\n\n<p>Vor <strong>55 Jahren<\/strong> geboren: <strong>Regina King<\/strong>, US-amerikanische Schauspielerin (&#8222;Jerry Maguire &#8211; Spiel des Lebens&#8220;, &#8222;Der Staatsfeind Nr. 1&#8220;, &#8222;Ray&#8220;).<\/p>\n\n\n\n<p>Vor <strong>45 Jahren<\/strong> geboren: <strong>Howie Day<\/strong>, US-amerikanischer Singer\/Songwriter (&#8222;Collide&#8220;).<\/p>\n\n\n\n<p><strong>55. Todestag <\/strong>von <strong>John Dall<\/strong>. Der US-amerikanische Schauspieler (&#8222;Cocktail f\u00fcr eine Leiche&#8220;, &#8222;Gef\u00e4hrliche Leidenschaft&#8220;) starb 50j\u00e4hrig in Hollywood.<\/p>\n\n\n\n<pre class=\"wp-block-preformatted\">Mehr und ausf\u00fchrlichere Daten zum 15. Januar in unserem <a href=\"https:\/\/hinternet.de\/kalender\/0115.php\">Historischen Kalender<\/a><\/pre>\n","protected":false},"excerpt":{"rendered":"<p>15. Tag des Jahres Vor 130 Jahren: In Paris macht der dortige Automobilklub die weltweit erste Autovermietung auf. Ziel ist es Leute f\u00fcr das (damals noch nicht sooo verbreitete) Autofahren zu interessieren. F\u00fcr 3 Francs die Stunde oder 30 f\u00fcr den ganzen Tag kann man einen der 6 Wagen (inklusive Chauffeur!) mieten. Vor 60 Jahren: [&hellip;]<\/p>\n","protected":false},"author":2,"featured_media":0,"comment_status":"open","ping_status":"closed","sticky":false,"template":"","format":"standard","meta":{"ub_ctt_via":"","footnotes":""},"categories":[10],"tags":[],"class_list":["post-42302","post","type-post","status-publish","format-standard","hentry","category-kalender"],"featured_image_src":null,"author_info":{"display_name":"mitty","author_link":"https:\/\/hinternet.de\/blog\/author\/walt_mitty\/"},"_links":{"self":[{"href":"https:\/\/hinternet.de\/blog\/wp-json\/wp\/v2\/posts\/42302","targetHints":{"allow":["GET"]}}],"collection":[{"href":"https:\/\/hinternet.de\/blog\/wp-json\/wp\/v2\/posts"}],"about":[{"href":"https:\/\/hinternet.de\/blog\/wp-json\/wp\/v2\/types\/post"}],"author":[{"embeddable":true,"href":"https:\/\/hinternet.de\/blog\/wp-json\/wp\/v2\/users\/2"}],"replies":[{"embeddable":true,"href":"https:\/\/hinternet.de\/blog\/wp-json\/wp\/v2\/comments?post=42302"}],"version-history":[{"count":0,"href":"https:\/\/hinternet.de\/blog\/wp-json\/wp\/v2\/posts\/42302\/revisions"}],"wp:attachment":[{"href":"https:\/\/hinternet.de\/blog\/wp-json\/wp\/v2\/media?parent=42302"}],"wp:term":[{"taxonomy":"category","embeddable":true,"href":"https:\/\/hinternet.de\/blog\/wp-json\/wp\/v2\/categories?post=42302"},{"taxonomy":"post_tag","embeddable":true,"href":"https:\/\/hinternet.de\/blog\/wp-json\/wp\/v2\/tags?post=42302"}],"curies":[{"name":"wp","href":"https:\/\/api.w.org\/{rel}","templated":true}]}}