{"id":42614,"date":"2026-03-16T00:01:00","date_gmt":"2026-03-15T23:01:00","guid":{"rendered":"https:\/\/hinternet.de\/blog\/?p=42614"},"modified":"2026-03-03T04:08:47","modified_gmt":"2026-03-03T03:08:47","slug":"kalenderblatt-16-maerz-2026","status":"publish","type":"post","link":"https:\/\/hinternet.de\/blog\/2026\/03\/kalenderblatt-16-maerz-2026\/","title":{"rendered":"Kalenderblatt 16. M\u00e4rz 2026"},"content":{"rendered":"\n<pre class=\"wp-block-preformatted\">75. Tag des Jahres<\/pre>\n\n\n\n<figure class=\"wp-block-pullquote\"><blockquote><p>People say, &#8222;How would you like to be remembered?&#8220; I don&#8217;t want to be remembered. Gimme a break. What I want is to hear what&#8217;s great about me now. Let me hear it! In the box you don&#8217;t hear these eulogies.<\/p><cite>Jerry Lewis<\/cite><\/blockquote><\/figure>\n\n\n\n<p>Vor <strong>195 Jahren<\/strong>: Buchver\u00f6ffentlichung &#8222;<strong><em>Notre-Dame de Paris<\/em><\/strong>&#8222;. <strong>Victor Hugos<\/strong> sp\u00e4ter dutzendfach verfilmter Roman (bei uns: &#8222;Der Gl\u00f6ckner von Notre-Dame&#8220;) erscheint in Paris.<\/p>\n\n\n\n<p>Geburtstage:<\/p>\n\n\n\n<p>Vor <strong>275 Jahren<\/strong> geboren: <strong>James Madison<\/strong>, US-amerikanischer Politiker. Einer der Gr\u00fcnderv\u00e4ter der Vereinigten Staaten, Au\u00dfenminister, 4. Pr\u00e4sident der USA (1809-1817), Mitautor der Verfassung, der auch die Grundlagen der Bill of Rights entwarf. Gestorben 28.6.1836. <\/p>\n\n\n\n<p>Vor <strong>100 Jahren<\/strong> geboren: <strong>Jerry Lewis<\/strong>, (eigentlich: Joseph Levitch) US-amerikanischer Komiker, Schauspieler (&#8222;King of Comedy&#8220;) und Regisseur (&#8222;Der verr\u00fcckte Professor&#8220;).<\/p>\n\n\n\n<p>Vor <strong>95 Jahren<\/strong> geboren: <strong>Ernst H. Hilbich<\/strong>, Deutscher Schauspieler (&#8222;Stahlnetz&#8220;, &#8222;Willi wird das Kind schon schaukeln&#8220;, &#8222;Die Anrheiner&#8220;) und Kabarettist.<\/p>\n\n\n\n<p>Vor <strong>90 Jahren<\/strong> geboren: <strong>Elisabeth Volkmann<\/strong>, deutsche Schauspielerin (&#8222;Klimbim&#8220;). Die deutsche Stimme von Marge Simpson. Gestorben 27.7.2006.<\/p>\n\n\n\n<p>Vor <strong>85 Jahren<\/strong> geboren: <strong>Bernardo Bertolucci<\/strong>, italienischer Filmregisseur (&#8222;Der letzte Tango in Paris&#8220;, &#8222;1900&#8220;, &#8222;La Luna&#8220;, &#8222;Der letzte Kaiser&#8220;). Gestorben 26.11.2018.<\/p>\n\n\n\n<p>Vor <strong>80 Jahren<\/strong> geboren: <strong>Guesch Patti<\/strong>, eigentlich: Patricia Porasse, franz\u00f6sische S\u00e4ngerin (&#8222;Etienne&#8220;).<\/p>\n\n\n\n<p>Vor <strong>65 Jahren<\/strong> geboren: <strong>Todd McFarlane<\/strong>, kanadischer Comiczeichner (&#8222;Spider-Man&#8220;, &#8222;Spawn&#8220;).<\/p>\n\n\n\n<p>Vor <strong>55 Jahren<\/strong> geboren: <strong>Alan Tudyk<\/strong>, US-amerikanischer Schauspieler (&#8222;I, Robot&#8220;).<\/p>\n\n\n\n<p><strong>40. Geburtstag<\/strong> von <strong>Alexandra Daddario<\/strong>, US-amerikanische Schauspielerin (&#8222;Percy Jackson \u2013 Diebe im Olymp&#8220;, &#8222;Texas Chainsaw 3D&#8220;, &#8222;San Andreas&#8220;, &#8222;Baywatch&#8220;, &#8222;We Summon the Darkness&#8220;, &#8222;The White Lotus&#8220; {Staffel 1]).<\/p>\n\n\n\n<p><strong>35. Geburtstag<\/strong> von <strong>Wolfgang Van Halen<\/strong>, US-amerikanischer Musiker. Bassist bei Van Halen und Tremonti. Sohn von Gitarrist Eddie van Halen.<\/p>\n\n\n\n<p class=\"has-text-align-center\">*<\/p>\n\n\n\n<p>Todestag:<\/p>\n\n\n\n<p><strong>35. Todestag <\/strong>von <strong>Trude Herr<\/strong>. Die deutsche Schauspielerin (&#8222;Drillinge an Bord&#8220;, &#8222;Nat\u00fcrlich die Autofahrer&#8220;, &#8222;Ohne Krimi geht die Mimi nie ins Bett&#8220;) starb 63j\u00e4hrig in Aix-en-Provence an Herzversagen.<\/p>\n\n\n\n<pre class=\"wp-block-preformatted\">Mehr und ausf\u00fchrlichere Daten zum 16. M\u00e4rz in unserem <a href=\"https:\/\/hinternet.de\/kalender\/0316.php\">Historischen Kalender<\/a><\/pre>\n","protected":false},"excerpt":{"rendered":"<p>75. Tag des Jahres People say, &#8222;How would you like to be remembered?&#8220; I don&#8217;t want to be remembered. Gimme a break. What I want is to hear what&#8217;s great about me now. Let me hear it! In the box you don&#8217;t hear these eulogies. Jerry Lewis Vor 195 Jahren: Buchver\u00f6ffentlichung &#8222;Notre-Dame de Paris&#8222;. Victor [&hellip;]<\/p>\n","protected":false},"author":2,"featured_media":0,"comment_status":"open","ping_status":"closed","sticky":false,"template":"","format":"standard","meta":{"ub_ctt_via":"","footnotes":""},"categories":[10],"tags":[],"class_list":["post-42614","post","type-post","status-publish","format-standard","hentry","category-kalender"],"featured_image_src":null,"author_info":{"display_name":"mitty","author_link":"https:\/\/hinternet.de\/blog\/author\/walt_mitty\/"},"_links":{"self":[{"href":"https:\/\/hinternet.de\/blog\/wp-json\/wp\/v2\/posts\/42614","targetHints":{"allow":["GET"]}}],"collection":[{"href":"https:\/\/hinternet.de\/blog\/wp-json\/wp\/v2\/posts"}],"about":[{"href":"https:\/\/hinternet.de\/blog\/wp-json\/wp\/v2\/types\/post"}],"author":[{"embeddable":true,"href":"https:\/\/hinternet.de\/blog\/wp-json\/wp\/v2\/users\/2"}],"replies":[{"embeddable":true,"href":"https:\/\/hinternet.de\/blog\/wp-json\/wp\/v2\/comments?post=42614"}],"version-history":[{"count":0,"href":"https:\/\/hinternet.de\/blog\/wp-json\/wp\/v2\/posts\/42614\/revisions"}],"wp:attachment":[{"href":"https:\/\/hinternet.de\/blog\/wp-json\/wp\/v2\/media?parent=42614"}],"wp:term":[{"taxonomy":"category","embeddable":true,"href":"https:\/\/hinternet.de\/blog\/wp-json\/wp\/v2\/categories?post=42614"},{"taxonomy":"post_tag","embeddable":true,"href":"https:\/\/hinternet.de\/blog\/wp-json\/wp\/v2\/tags?post=42614"}],"curies":[{"name":"wp","href":"https:\/\/api.w.org\/{rel}","templated":true}]}}