{"id":42659,"date":"2026-04-30T00:01:00","date_gmt":"2026-04-29T22:01:00","guid":{"rendered":"https:\/\/hinternet.de\/blog\/?p=42659"},"modified":"2026-04-15T04:51:46","modified_gmt":"2026-04-15T02:51:46","slug":"kalenderblatt-30-april-2026","status":"publish","type":"post","link":"https:\/\/hinternet.de\/blog\/2026\/04\/kalenderblatt-30-april-2026\/","title":{"rendered":"Kalenderblatt 30. April 2026"},"content":{"rendered":"\n<pre class=\"wp-block-preformatted\">120. Tag des Jahres<\/pre>\n\n\n\n<figure class=\"wp-block-pullquote\"><blockquote><p>Information is the resolution of uncertainty.<\/p><cite>Claude Elwood Shannon<\/cite><\/blockquote><\/figure>\n\n\n\n<p>Vor <strong>110 Jahren<\/strong>: In Deutschland wird als erstem Land die <strong>Sommerzeit <\/strong>eingef\u00fchrt. Die Neuerung wird 1919 wieder abgeschafft und erst zu neuerlichen Kriegszeiten wieder eingef\u00fchrt.<\/p>\n\n\n\n<p>Vor <strong>55 Jahren<\/strong>: Albumver\u00f6ffentlichung &#8222;<strong><em>Thin Lizzy<\/em><\/strong>&#8222;. <strong>Thin Lizzy<\/strong> ver\u00f6ffentlichen ihr Deb\u00fctalbum.<\/p>\n\n\n\n<!--more-->\n\n\n\n<p>Vor <strong>30 Jahren<\/strong>: <\/p>\n\n\n\n<ul class=\"wp-block-list\">\n<li>Albumver\u00f6ffentlichung &#8222;<strong><em>Crash<\/em><\/strong>&#8222;. Das zweite Album der <strong>Dave Matthews Band<\/strong> erscheint.<\/li>\n\n\n\n<li>Albumver\u00f6ffentlichung &#8222;<strong><em>To the Faithful Departed<\/em><\/strong>&#8222;. Das dritte Album der <strong>Cranberries <\/strong>erscheint.<\/li>\n<\/ul>\n\n\n\n<p>Vor <strong>25 Jahren<\/strong>: Albumver\u00f6ffentlichung &#8222;<strong><em>Rock Action<\/em><\/strong>&#8222;. <strong>Mogwai <\/strong>ver\u00f6ffentlichen ihr drittes Studioalbum.<\/p>\n\n\n\n<p>Geburtstage:<\/p>\n\n\n\n<p>Vor <strong>110 Jahren<\/strong> geboren: <strong>Claude Elwood Shannon<\/strong>, US-amerikanischer Mathematiker, der die Informationstheorie begr\u00fcndete und den Begriff Bit einf\u00fchrte. Gestorben 24.2.2001.<\/p>\n\n\n\n<p>Vor <strong>100 Jahren<\/strong> geboren: <\/p>\n\n\n\n<ul class=\"wp-block-list\">\n<li><strong>Edmund Cooper<\/strong>, US-amerikanischer Science Fiction-Autor (&#8222;Aufstand der Roboter&#8220;, &#8222;Die Welt der zwei Monde&#8220;, &#8222;Die neue Zivilisation&#8220;). Gestorben 11.3.1982.<\/li>\n\n\n\n<li><strong>Cloris Leachman<\/strong>, US-amerikanische Schauspielerin. Ihre Karriere in Film und TV umfasste 7 Jahrzehnte und brachte ihr einen Oscar, einen BAFTA Award, einen Golden Globe, einen Daytime Emmy Award und 8 Primetime Emmy Awards ein. Sie war das Mordopfer in Robert Aldrichs &#8222;Das Rattennest&#8220;, eine halbe Staffel lang die keksebackende Adoptivmutter von klein Timmy in &#8222;Lassie&#8220;, eine frustrierte Lehrergattin in Bogdanovichs &#8222;Die letzte Vorstellung&#8220; (daf\u00fcr gabs den Oscar), die Nachbarin Phyllis Lindstrom in der &#8222;Mary Tyler Moore Show&#8220; (und dem Spin-off &#8222;Phyllis&#8220;), Frau Bl\u00fccher in Mel Brook\u00b4s &#8222;Frankenstein Junior&#8220;, die nervige Gro\u00dfmutter Ida in &#8222;Malcolm mittendrin&#8220; und Maw Maw, die Urgro\u00dfmutter der Titelfigur in &#8222;Raising Hope&#8220;. Gestorben 27.1.2021.<\/li>\n<\/ul>\n\n\n\n<p>Vor <strong>80 Jahren<\/strong> geboren: <strong>Ulla Hahn<\/strong>, deutsche Lyrikerin<\/p>\n\n\n\n<p>Vor <strong>70 Jahren<\/strong> geboren: <strong>Lars von Trier<\/strong>, d\u00e4nischer Filmregisseur (&#8222;Geister&#8220;, &#8222;Breaking the waves&#8220;, &#8222;Dancer in the Dark&#8220;, &#8222;Dogville&#8220;, &#8222;Melancholia&#8220;, &#8222;Nymphomaniac&#8220;).<\/p>\n\n\n\n<p>Vor <strong>65 Jahren<\/strong> geboren: <strong>Thomas Schaaf<\/strong>, deutscher Fu\u00dfballer und Trainer bei Werder Bremen. Als Spieler wurde er mit Werder Bremen zweimal Deutscher Meister und zweimal DFB-Pokalsieger, in 14 Jahren als Trainer bescherte er Bremen einen Titelgewinn (2004) und dreimal den DFB-Pokal (1999,2004, 2009).<\/p>\n\n\n\n<p>Vor <strong>55 Jahren<\/strong> geboren: <strong>John Boyne<\/strong>, irischer Schriftsteller (&#8222;Der Junge im gestreiften Pyjama&#8220;).<\/p>\n\n\n\n<p>Vor <strong>50 Jahren<\/strong> geboren: <strong>Amanda Palmer<\/strong>, US-amerikanische Musikerin, S\u00e4ngerin und Songwriterin. Eine H\u00e4lfte von The Dresden Dolls. Seit 2011 mit dem englischen Schriftsteller Neil Gaiman (&#8222;Ein gutes Omen&#8220;, &#8222;American Gods&#8220;, &#8222;Der Ozean am Ende der Stra\u00dfe&#8220;) verheiratet.<\/p>\n\n\n\n<p>Vor <strong>45 Jahren<\/strong> geboren: <strong>Kunal Nayyar<\/strong>, britisch-indischer Schauspieler. Bekannt durch seine Rolle als Raj Koothrappali in der Sitcom &#8222;The Big Bang Theory&#8220;.<\/p>\n\n\n\n<p class=\"has-text-align-center\">*<\/p>\n\n\n\n<p>Todestage:<\/p>\n\n\n\n<p><strong>60. Todestag <\/strong>von <strong>Richard Farina<\/strong>. Der Folks\u00e4nger und Autor starb bei einem Motorradunfall.<\/p>\n\n\n\n<p><strong>45. Todestag <\/strong>von <strong>Peter Huchel<\/strong>. Der deutsche Lyriker starb 78j\u00e4hrig.<\/p>\n\n\n\n<p><strong>40. Todestag <\/strong>von <strong>Robert Stevenson<\/strong>. Der englische Regisseur (&#8222;Der fliegende Pauker&#8220;, &#8222;Mary Poppins&#8220;, &#8222;Die tollk\u00fchne Hexe in ihrem fliegenden Bett&#8220;, &#8222;Herbie gro\u00df in Fahrt&#8220;) starb 81j\u00e4hrig im kalifornischen Santa Barbara.<\/p>\n\n\n\n<pre class=\"wp-block-preformatted\">Mehr und ausf\u00fchrlichere Daten zum 30. April in unserem <a href=\"https:\/\/hinternet.de\/kalender\/0430.php\">Historischen Kalender<\/a><\/pre>\n","protected":false},"excerpt":{"rendered":"<p>120. Tag des Jahres Information is the resolution of uncertainty. Claude Elwood Shannon Vor 110 Jahren: In Deutschland wird als erstem Land die Sommerzeit eingef\u00fchrt. Die Neuerung wird 1919 wieder abgeschafft und erst zu neuerlichen Kriegszeiten wieder eingef\u00fchrt. Vor 55 Jahren: Albumver\u00f6ffentlichung &#8222;Thin Lizzy&#8222;. Thin Lizzy ver\u00f6ffentlichen ihr Deb\u00fctalbum.<\/p>\n","protected":false},"author":2,"featured_media":0,"comment_status":"open","ping_status":"closed","sticky":false,"template":"","format":"standard","meta":{"ub_ctt_via":"","footnotes":""},"categories":[10],"tags":[],"class_list":["post-42659","post","type-post","status-publish","format-standard","hentry","category-kalender"],"featured_image_src":null,"author_info":{"display_name":"mitty","author_link":"https:\/\/hinternet.de\/blog\/author\/walt_mitty\/"},"_links":{"self":[{"href":"https:\/\/hinternet.de\/blog\/wp-json\/wp\/v2\/posts\/42659","targetHints":{"allow":["GET"]}}],"collection":[{"href":"https:\/\/hinternet.de\/blog\/wp-json\/wp\/v2\/posts"}],"about":[{"href":"https:\/\/hinternet.de\/blog\/wp-json\/wp\/v2\/types\/post"}],"author":[{"embeddable":true,"href":"https:\/\/hinternet.de\/blog\/wp-json\/wp\/v2\/users\/2"}],"replies":[{"embeddable":true,"href":"https:\/\/hinternet.de\/blog\/wp-json\/wp\/v2\/comments?post=42659"}],"version-history":[{"count":0,"href":"https:\/\/hinternet.de\/blog\/wp-json\/wp\/v2\/posts\/42659\/revisions"}],"wp:attachment":[{"href":"https:\/\/hinternet.de\/blog\/wp-json\/wp\/v2\/media?parent=42659"}],"wp:term":[{"taxonomy":"category","embeddable":true,"href":"https:\/\/hinternet.de\/blog\/wp-json\/wp\/v2\/categories?post=42659"},{"taxonomy":"post_tag","embeddable":true,"href":"https:\/\/hinternet.de\/blog\/wp-json\/wp\/v2\/tags?post=42659"}],"curies":[{"name":"wp","href":"https:\/\/api.w.org\/{rel}","templated":true}]}}