{"id":43058,"date":"2026-08-07T00:01:00","date_gmt":"2026-08-06T22:01:00","guid":{"rendered":"https:\/\/hinternet.de\/blog\/?p=43058"},"modified":"2026-07-31T00:43:28","modified_gmt":"2026-07-30T22:43:28","slug":"kalenderblatt-7-august-2026","status":"publish","type":"post","link":"https:\/\/hinternet.de\/blog\/2026\/08\/kalenderblatt-7-august-2026\/","title":{"rendered":"Kalenderblatt 7. August 2026"},"content":{"rendered":"\n<pre class=\"wp-block-preformatted\">219. Tag des Jahres<\/pre>\n\n\n\n<figure class=\"wp-block-pullquote\"><blockquote><p>Free speech includes the right to not speak.<\/p><cite>Jimmy Wales<\/cite><\/blockquote><\/figure>\n\n\n\n<p class=\"wp-block-paragraph\">Geburtstage:<\/p>\n\n\n\n<p class=\"wp-block-paragraph\">Vor <strong>150 Jahren<\/strong> geboren: <strong>Mata Hari<\/strong>, holl\u00e4ndische T\u00e4nzerin und Spionin (eigentlich: Margaretha Geertruida Zelle). Arbeitete seit 1903 in Paris in der Disziplin <em>orientalischer Ausdruckstanz<\/em> und wurde besonders f\u00fcr ihre Nacktt\u00e4nze ber\u00fchmt. W\u00e4hrend des Ersten Weltkriegs nahm sie &#8211; wohl wegen finanziellen Schwierigkeiten &#8211; das Angebot, f\u00fcr die Deutschen zu spionieren an. Gleichzeitig arbeitete sie auch f\u00fcr den franz\u00f6sischen Geheimdienst, was ihr letztlich zum Verh\u00e4ngnis wurde. Nachdem Agenten ihre Kontakte zu einem deutschen Milit\u00e4rattach\u00e9 in Madrid aufdeckten wurde sie wegen Spionage verurteilt und am 15. Oktober 1917 in Vincennes erschossen.<\/p>\n\n\n\n<!--more-->\n\n\n\n<p class=\"wp-block-paragraph\">Vor <strong>115 Jahren<\/strong> geboren: <strong>Nicholas Ray<\/strong>, eigentlich: Raymond Nicholas Kienzle, US-amerikanischer Regisseur (&#8222;&#8230; denn sie wisssen nicht, was sie tun&#8220;, &#8222;Johnny Guitar &#8211; Wenn Frauen hassen&#8220;). 1979 gestorben.<\/p>\n\n\n\n<p class=\"wp-block-paragraph\">Vor <strong>105 Jahren<\/strong> geboren: <strong>Maurice Tillieux<\/strong>, belgischer Comiczeichner und -texter. Mitbegr\u00fcnder und einer der erfolgreichsten Vertreter der belgischen <em>\u00c9cole Marcinelle<\/em>. Seine bekanntesten Serien waren &#8222;Gil Jourdan&#8220; (in deutschen Landen erst als &#8222;Harro und Platte&#8220;, dann als &#8222;Jeff Jordan&#8220; ver\u00f6ffentlicht) und \u201e\u201c (deutsch: \u201eC\u00e4sar\u201c). Tillieux arbeitete auch f\u00fcr andere Zeichner als Szenarist, z.B. 10 Jahre lang f\u00fcr die Serie &#8222;Tif et Tondu&#8220; (bei uns erst &#8222;Gin und Fizz&#8220;, dann &#8222;Harry und Platte&#8220; &#8211; leicht zu verwechseln mit &#8222;Harro und Platte&#8220;). Gestorben 31.1.1978.<\/p>\n\n\n\n<p class=\"wp-block-paragraph\">Vor <strong>60 Jahren<\/strong> geboren: <\/p>\n\n\n\n<ul class=\"wp-block-list\">\n<li><strong>Kristin Hersh<\/strong>, US-amerikanische S\u00e4ngerin und Gitarristin bei den Throwing Muses und solo.<\/li>\n\n\n\n<li><strong>Jimmy Wales<\/strong>, US-amerikanischer Gr\u00fcnder der Wikipedia.<\/li>\n\n\n\n<li><strong>Robert Seethaler<\/strong>, \u00d6sterreichischer Schriftsteller (&#8222;Der Trafikant&#8220;, &#8222;Das Caf\u00e9 ohne Namen&#8220;), Drehbuchautor und Schauspieler.<\/li>\n<\/ul>\n\n\n\n<p class=\"has-text-align-center wp-block-paragraph\">*<\/p>\n\n\n\n<p class=\"wp-block-paragraph\">Todestag:<\/p>\n\n\n\n<p class=\"wp-block-paragraph\"><strong>105. Todestag <\/strong>von <strong>Alexander Alexandrowitsch Blok<\/strong>. Der russische Schriftsteller starb 40j\u00e4hrig in Petrograd.<\/p>\n\n\n\n<pre class=\"wp-block-preformatted\">Mehr und ausf\u00fchrlichere Daten zum 7. August in unserem <a href=\"https:\/\/hinternet.de\/kalender\/0807.php\">Historischen Kalender<\/a><\/pre>\n","protected":false},"excerpt":{"rendered":"<p>219. Tag des Jahres Free speech includes the right to not speak. Jimmy Wales Geburtstage: Vor 150 Jahren geboren: Mata Hari, holl\u00e4ndische T\u00e4nzerin und Spionin (eigentlich: Margaretha Geertruida Zelle). Arbeitete seit 1903 in Paris in der Disziplin orientalischer Ausdruckstanz und wurde besonders f\u00fcr ihre Nacktt\u00e4nze ber\u00fchmt. W\u00e4hrend des Ersten Weltkriegs nahm sie &#8211; wohl wegen [&hellip;]<\/p>\n","protected":false},"author":2,"featured_media":0,"comment_status":"open","ping_status":"closed","sticky":false,"template":"","format":"standard","meta":{"footnotes":""},"categories":[10],"tags":[],"class_list":["post-43058","post","type-post","status-publish","format-standard","hentry","category-kalender"],"featured_image_src":null,"author_info":{"display_name":"mitty","author_link":"https:\/\/hinternet.de\/blog\/author\/walt_mitty\/"},"_links":{"self":[{"href":"https:\/\/hinternet.de\/blog\/wp-json\/wp\/v2\/posts\/43058","targetHints":{"allow":["GET"]}}],"collection":[{"href":"https:\/\/hinternet.de\/blog\/wp-json\/wp\/v2\/posts"}],"about":[{"href":"https:\/\/hinternet.de\/blog\/wp-json\/wp\/v2\/types\/post"}],"author":[{"embeddable":true,"href":"https:\/\/hinternet.de\/blog\/wp-json\/wp\/v2\/users\/2"}],"replies":[{"embeddable":true,"href":"https:\/\/hinternet.de\/blog\/wp-json\/wp\/v2\/comments?post=43058"}],"version-history":[{"count":0,"href":"https:\/\/hinternet.de\/blog\/wp-json\/wp\/v2\/posts\/43058\/revisions"}],"wp:attachment":[{"href":"https:\/\/hinternet.de\/blog\/wp-json\/wp\/v2\/media?parent=43058"}],"wp:term":[{"taxonomy":"category","embeddable":true,"href":"https:\/\/hinternet.de\/blog\/wp-json\/wp\/v2\/categories?post=43058"},{"taxonomy":"post_tag","embeddable":true,"href":"https:\/\/hinternet.de\/blog\/wp-json\/wp\/v2\/tags?post=43058"}],"curies":[{"name":"wp","href":"https:\/\/api.w.org\/{rel}","templated":true}]}}