{"id":43087,"date":"2026-08-29T00:01:00","date_gmt":"2026-08-28T22:01:00","guid":{"rendered":"https:\/\/hinternet.de\/blog\/?p=43087"},"modified":"2026-08-25T04:31:22","modified_gmt":"2026-08-25T02:31:22","slug":"kalenderblatt-29-august-2026","status":"publish","type":"post","link":"https:\/\/hinternet.de\/blog\/2026\/08\/kalenderblatt-29-august-2026\/","title":{"rendered":"Kalenderblatt 29. August 2026"},"content":{"rendered":"\n<pre class=\"wp-block-preformatted\">241. Tag des Jahres<\/pre>\n\n\n\n<figure class=\"wp-block-pullquote\"><blockquote><p>When you can&#8217;t read or write at 14 or 15, in most cases you&#8217;re headed for trouble, and trouble was finding me.<\/p><cite>Bob Beamon<\/cite><\/blockquote><\/figure>\n\n\n\n<p class=\"wp-block-paragraph\">Vor <strong>60 Jahren<\/strong>: Let it be. Die <strong>Beatles <\/strong>gaben in San Francisco ihr <strong>letztes gemeinsames \u00f6ffentliches Konzert<\/strong>.<\/p>\n\n\n\n<p class=\"wp-block-paragraph\">Vor <strong>20 Jahren<\/strong>: Albumver\u00f6ffentlichung &#8222;<strong><em>Modern Times<\/em><\/strong>&#8222;. <strong>Bob Dylan<\/strong> ver\u00f6ffentlicht sein 32. Studioalbum.<\/p>\n\n\n\n<p class=\"wp-block-paragraph\">Geburtstage:<\/p>\n\n\n\n<p class=\"wp-block-paragraph\">Vor <strong>160 Jahren<\/strong> geboren: <strong>Hermann L\u00f6ns<\/strong>, deutscher Schriftsteller (&#8222;Mein gr\u00fcnes Buch&#8220;, &#8222;M\u00fcmmelmann&#8220;). Gestorben 26.9.1914.<\/p>\n\n\n\n<!--more-->\n\n\n\n<p class=\"wp-block-paragraph\">Vor <strong>100 Jahren<\/strong> geboren: <strong>Jerry Thorpe<\/strong>, US-amerikanischer TV-Regisseur (&#8222;Kung Fu&#8220;, &#8222;Falcon Crest&#8220;). Sohn von Regisseur Richard Thorpe (&#8222;Ivanhoe &#8211; Der scharze Ritter&#8220;). Gestorben 25.9.2018.<\/p>\n\n\n\n<p class=\"wp-block-paragraph\">Vor <strong>80 Jahren<\/strong> geboren: <strong>Bob Beamon<\/strong>, US-amerikanischer Leichtathlet. Sein Sieges- und Weltrekordsprung von 8,90m (57cm mehr als der bisherige Weltrekord von Ralph Boston) bei den Olymischen Spielen in Mexiko (wenn auch in luftiger H\u00f6he von 2350m \u00fcber Meeresniveau und mit R\u00fcckenwind gerade noch zul\u00e4ssigen 2m\/s) galt als Jahrhundertsprung. Beamon kam nie wieder auch nur ann\u00e4hernd so weit und erst 23 Jahre sp\u00e4ter konnte Mike Powell bei den Leichtathletikweltmeisterschaften in Tokyo den Rekord um 5cm \u00fcberbieten.<\/p>\n\n\n\n<p class=\"wp-block-paragraph\">Vor <strong>70 Jahren<\/strong> geboren: <strong>GG Allin<\/strong>, US-amerikanischer Punks\u00e4nger. Gestorben 28.6.1993.<\/p>\n\n\n\n<p class=\"wp-block-paragraph\">Vor <strong>55 Jahren<\/strong> geboren: <strong>Alex Griffin<\/strong>, Ned&#8217;s Atomic Dustbin-Musiker.<\/p>\n\n\n\n<p class=\"wp-block-paragraph\">Vor <strong>45 Jahren<\/strong> geboren: <strong>Brendon Trost<\/strong>, US-amerikanischer Kameramann (&#8222;Amok \u2013 He Was a Quiet Man&#8220;, &#8222;Crank 2: High Voltage&#8220;, &#8222;Halloween II&#8220;) und Regisseur (&#8222;An American Pickle&#8220;).<\/p>\n\n\n\n<p class=\"has-text-align-center wp-block-paragraph\">*<\/p>\n\n\n\n<p class=\"wp-block-paragraph\">Todestage:<\/p>\n\n\n\n<p class=\"wp-block-paragraph\"><strong>50. Todestag<\/strong> von <strong>Jimmy Reed<\/strong>. Der US-amerikanische Bluesmusiker (&#8222;Big Boss Man&#8220;, &#8222;Bright Lights, Big City&#8220;) starb 50j\u00e4hrig in Oakland.<\/p>\n\n\n\n<p class=\"wp-block-paragraph\"><strong>20. Todestag<\/strong> von <strong>Jumpin\u2019 Gene Simmons<\/strong>. Der US-amerikanische S\u00e4nger (&#8222;Haunted House&#8220;) starb 73j\u00e4hrig in Tupelo.<\/p>\n\n\n\n<pre class=\"wp-block-preformatted\">Mehr und ausf\u00fchrlichere Daten zum 29. August in unserem <a href=\"https:\/\/hinternet.de\/kalender\/0829.php\">Historischen Kalender<\/a><\/pre>\n","protected":false},"excerpt":{"rendered":"<p>241. Tag des Jahres When you can&#8217;t read or write at 14 or 15, in most cases you&#8217;re headed for trouble, and trouble was finding me. Bob Beamon Vor 60 Jahren: Let it be. Die Beatles gaben in San Francisco ihr letztes gemeinsames \u00f6ffentliches Konzert. Vor 20 Jahren: Albumver\u00f6ffentlichung &#8222;Modern Times&#8222;. Bob Dylan ver\u00f6ffentlicht sein [&hellip;]<\/p>\n","protected":false},"author":2,"featured_media":0,"comment_status":"open","ping_status":"closed","sticky":false,"template":"","format":"standard","meta":{"footnotes":""},"categories":[10],"tags":[],"class_list":["post-43087","post","type-post","status-publish","format-standard","hentry","category-kalender"],"featured_image_src":null,"author_info":{"display_name":"mitty","author_link":"https:\/\/hinternet.de\/blog\/author\/walt_mitty\/"},"_links":{"self":[{"href":"https:\/\/hinternet.de\/blog\/wp-json\/wp\/v2\/posts\/43087","targetHints":{"allow":["GET"]}}],"collection":[{"href":"https:\/\/hinternet.de\/blog\/wp-json\/wp\/v2\/posts"}],"about":[{"href":"https:\/\/hinternet.de\/blog\/wp-json\/wp\/v2\/types\/post"}],"author":[{"embeddable":true,"href":"https:\/\/hinternet.de\/blog\/wp-json\/wp\/v2\/users\/2"}],"replies":[{"embeddable":true,"href":"https:\/\/hinternet.de\/blog\/wp-json\/wp\/v2\/comments?post=43087"}],"version-history":[{"count":0,"href":"https:\/\/hinternet.de\/blog\/wp-json\/wp\/v2\/posts\/43087\/revisions"}],"wp:attachment":[{"href":"https:\/\/hinternet.de\/blog\/wp-json\/wp\/v2\/media?parent=43087"}],"wp:term":[{"taxonomy":"category","embeddable":true,"href":"https:\/\/hinternet.de\/blog\/wp-json\/wp\/v2\/categories?post=43087"},{"taxonomy":"post_tag","embeddable":true,"href":"https:\/\/hinternet.de\/blog\/wp-json\/wp\/v2\/tags?post=43087"}],"curies":[{"name":"wp","href":"https:\/\/api.w.org\/{rel}","templated":true}]}}