{"id":43128,"date":"2026-09-01T00:01:00","date_gmt":"2026-08-31T22:01:00","guid":{"rendered":"https:\/\/hinternet.de\/blog\/?p=43128"},"modified":"2026-09-01T01:21:53","modified_gmt":"2026-08-31T23:21:53","slug":"kalenderblatt-1-september-2026","status":"publish","type":"post","link":"https:\/\/hinternet.de\/blog\/2026\/09\/kalenderblatt-1-september-2026\/","title":{"rendered":"Kalenderblatt 1. September 2026"},"content":{"rendered":"\n<pre class=\"wp-block-preformatted\">Tag 244 des Jahres<\/pre>\n\n\n\n<figure class=\"wp-block-pullquote\"><blockquote><p>Design ist Kunst in der zweiten Potenz. Man muss die \u00c4sthetik mit Zweckerf\u00fcllung multiplizieren.<\/p><cite>Otl Aicher<\/cite><\/blockquote><\/figure>\n\n\n\n<p class=\"wp-block-paragraph\">Vor <strong>35 Jahren<\/strong>: Albumver\u00f6ffentlichung &#8222;<strong><em>This Year&#8217;s Girl<\/em><\/strong>&#8222;. Das f\u00fcnfte Album von <strong>Pizzicato Five<\/strong> (und das erste mit S\u00e4ngerin Maki Nomiya) erscheint.<\/p>\n\n\n\n<p class=\"wp-block-paragraph\">Geburtstage:<\/p>\n\n\n\n<p class=\"wp-block-paragraph\">Vor <strong>275 Jahren<\/strong> geboren: <strong>Emanuel Schikaneder<\/strong>, deutscher B\u00fchnendichter und Theaterleiter. Bekannt durch sein Libretto zu Wolfgang Amadeus Mozarts Oper &#8222;Die Zauberfl\u00f6te&#8220;.<\/p>\n\n\n\n<!--more-->\n\n\n\n<p class=\"wp-block-paragraph\">Vor <strong>130 Jahren<\/strong> geboren: <strong>Andr\u00e9 Hunebelle<\/strong>, franz\u00f6sischer Filmregisseur (&#8222;Casino de Paris&#8220;, &#8222;Im Zeichen der Lilie&#8220;, &#8222;Fant\u00f4mas&#8220;, &#8222;Fantomas bedroht die Welt&#8220;). Gestorben 27.11.1985.<\/p>\n\n\n\n<p class=\"wp-block-paragraph\">Vor <strong>105 Jahren<\/strong> geboren: <\/p>\n\n\n\n<ul class=\"wp-block-list\">\n<li><strong>Willem Frederik Hermans<\/strong>, niederl\u00e4ndischer Schriftsteller. Sein 1959 erschienener Roman &#8222;De donkere kamer van Damocles&#8220; (dtsch.: &#8222;Die Dunkelkammer von Damokles&#8220;) gilt als einer der erfolgreichsten Romane der niederl\u00e4ndischen Nachkriegsliteratur. Gestorben 27.4.1995.<\/li>\n\n\n\n<li><strong>Gerhard Wendland<\/strong>, Deutscher Schlagers\u00e4nger (&#8222;Das machen nur die Beine von Dolores&#8220;, &#8222;Tanze mit mir in den Morgen&#8220; , &#8222;Schenk deiner Frau doch hin und wieder rote Rosen&#8220;). Gestorben 21.6.1996.<\/li>\n<\/ul>\n\n\n\n<p class=\"wp-block-paragraph\">Vor <strong>95 Jahren<\/strong> geboren: <strong>Boxcar Willie<\/strong>, (eigentlich: Lecil Martin) US-amerikanischer Countrymusiker. &#8218;The Singing Hobo&#8216; (&#8222;Not the Man I Used to Be&#8220;). Gestorben am 12. April 1999.<\/p>\n\n\n\n<p class=\"wp-block-paragraph\">Vor <strong>90 Jahren<\/strong> geboren: <strong>Roderick Thorp<\/strong>, US-amerikanischer Schriftsteller. Sein Roman &#8222;The Detective&#8220; wurde 1968 von Gordon Douglas mit Frank Sinatra und Lee Remick in den Hauptrollen verfilmt (dtsch.: &#8222;der Detektiv&#8220;) und aus dem 1979 erschienen &#8222;Nothing Lasts Forever&#8220; machte Hollywood fast ein Jahrzehnt sp\u00e4ter &#8222;Die Hard&#8220;. Gestorben 28.4.1999.<\/p>\n\n\n\n<p class=\"wp-block-paragraph\">Vor <strong>80 Jahren<\/strong> geboren: <\/p>\n\n\n\n<ul class=\"wp-block-list\">\n<li><strong>Barry Gibb<\/strong>, britischer S\u00e4nger und Gitarrist der Bee Gees<\/li>\n\n\n\n<li><strong>Greg Errico<\/strong>, US-amerikanischer Schlagzeuger bei Sly and The Family Stone.<\/li>\n<\/ul>\n\n\n\n<p class=\"wp-block-paragraph\">Vor <strong>55 Jahren<\/strong> geboren: <strong>Luci van Org<\/strong>, deutsche S\u00e4ngerin bei Lucilectric (&#8222;M\u00e4dchen&#8220;).<\/p>\n\n\n\n<p class=\"wp-block-paragraph\">Vor <strong>30 Jahren<\/strong> geboren: <strong>Zendaya<\/strong>, in der Langform: Zendaya Maree Stoermer Coleman, US-amerikanische Schauspielerin (&#8222;Euphoria&#8220;, &#8222;Spider-Man: Far From Home&#8220;, &#8222;Dune&#8220;).<\/p>\n\n\n\n<p class=\"has-text-align-center wp-block-paragraph\">*<\/p>\n\n\n\n<p class=\"wp-block-paragraph\">Todestage:<\/p>\n\n\n\n<p class=\"wp-block-paragraph\"><strong>65. Todestag<\/strong> von <strong>Eero Saarinen<\/strong>. Der finnisch-US-amerikanische Architekt starb 51j\u00e4hrig in Ann Arbor.<\/p>\n\n\n\n<p class=\"wp-block-paragraph\"><strong>35. Todestag<\/strong> von <strong>Otl Aicher<\/strong>. Der deutsche Graphiker und Designer (U.a. verantwortlich f\u00fcr das Design der Olympischen Spiele von 1972) starb 69j\u00e4hrig.<\/p>\n\n\n\n<pre class=\"wp-block-preformatted\">Mehr und ausf\u00fchrlichere Daten zum 1. September in unserem <a href=\"https:\/\/hinternet.de\/kalender\/0901.php\">Historischen Kalender<\/a><\/pre>\n","protected":false},"excerpt":{"rendered":"<p>Tag 244 des Jahres Design ist Kunst in der zweiten Potenz. Man muss die \u00c4sthetik mit Zweckerf\u00fcllung multiplizieren. Otl Aicher Vor 35 Jahren: Albumver\u00f6ffentlichung &#8222;This Year&#8217;s Girl&#8222;. Das f\u00fcnfte Album von Pizzicato Five (und das erste mit S\u00e4ngerin Maki Nomiya) erscheint. Geburtstage: Vor 275 Jahren geboren: Emanuel Schikaneder, deutscher B\u00fchnendichter und Theaterleiter. Bekannt durch sein [&hellip;]<\/p>\n","protected":false},"author":2,"featured_media":0,"comment_status":"open","ping_status":"closed","sticky":false,"template":"","format":"standard","meta":{"footnotes":""},"categories":[10],"tags":[],"class_list":["post-43128","post","type-post","status-publish","format-standard","hentry","category-kalender"],"featured_image_src":null,"author_info":{"display_name":"mitty","author_link":"https:\/\/hinternet.de\/blog\/author\/walt_mitty\/"},"_links":{"self":[{"href":"https:\/\/hinternet.de\/blog\/wp-json\/wp\/v2\/posts\/43128","targetHints":{"allow":["GET"]}}],"collection":[{"href":"https:\/\/hinternet.de\/blog\/wp-json\/wp\/v2\/posts"}],"about":[{"href":"https:\/\/hinternet.de\/blog\/wp-json\/wp\/v2\/types\/post"}],"author":[{"embeddable":true,"href":"https:\/\/hinternet.de\/blog\/wp-json\/wp\/v2\/users\/2"}],"replies":[{"embeddable":true,"href":"https:\/\/hinternet.de\/blog\/wp-json\/wp\/v2\/comments?post=43128"}],"version-history":[{"count":0,"href":"https:\/\/hinternet.de\/blog\/wp-json\/wp\/v2\/posts\/43128\/revisions"}],"wp:attachment":[{"href":"https:\/\/hinternet.de\/blog\/wp-json\/wp\/v2\/media?parent=43128"}],"wp:term":[{"taxonomy":"category","embeddable":true,"href":"https:\/\/hinternet.de\/blog\/wp-json\/wp\/v2\/categories?post=43128"},{"taxonomy":"post_tag","embeddable":true,"href":"https:\/\/hinternet.de\/blog\/wp-json\/wp\/v2\/tags?post=43128"}],"curies":[{"name":"wp","href":"https:\/\/api.w.org\/{rel}","templated":true}]}}