{"id":43131,"date":"2026-09-03T00:01:00","date_gmt":"2026-09-02T22:01:00","guid":{"rendered":"https:\/\/hinternet.de\/blog\/?p=43131"},"modified":"2026-09-01T01:34:02","modified_gmt":"2026-08-31T23:34:02","slug":"kalenderblatt-3-september-2026","status":"publish","type":"post","link":"https:\/\/hinternet.de\/blog\/2026\/09\/kalenderblatt-3-september-2026\/","title":{"rendered":"Kalenderblatt 3. September 2026"},"content":{"rendered":"\n<pre class=\"wp-block-preformatted\">Tag 246 des Jahres<\/pre>\n\n\n\n<figure class=\"wp-block-pullquote\"><blockquote><p>The first prerogative of an artist in any medium is to make a fool of himself.<\/p><cite>Pauline Kael<\/cite><\/blockquote><\/figure>\n\n\n\n<p class=\"wp-block-paragraph\">Geburtstage:<\/p>\n\n\n\n<p class=\"wp-block-paragraph\">Vor <strong>430 Jahren<\/strong> geboren: <strong>Nicolo Amati<\/strong>, italienischer Geigenbauer.<\/p>\n\n\n\n<p class=\"wp-block-paragraph\">Vor <strong>100 Jahren<\/strong> geboren: <\/p>\n\n\n\n<ul class=\"wp-block-list\">\n<li><strong>Alison Lurie<\/strong>, US-amerikanische Schriftstellerin. Pulitzerpreis 1985 f\u00fcr &#8222;Foreign Affairs&#8220; (dtsch.: &#8222;Aff\u00e4ren. Eine transatlantische Liebesgeschichte&#8220;).<\/li>\n\n\n\n<li><strong>Irene Papas<\/strong>, griechische Schauspielerin (&#8222;Alexis Sorbas&#8220;, &#8222;Z&#8220;). Gestorben 14.9.2022.<\/li>\n<\/ul>\n\n\n\n<p class=\"has-text-align-center wp-block-paragraph\">*<\/p>\n\n\n\n<p class=\"wp-block-paragraph\">Todestage:<\/p>\n\n\n\n<p class=\"wp-block-paragraph\"><strong>80. Todestag<\/strong> von <strong>Paul Lincke<\/strong>. Der deutsche Operettenkomponist (&#8222;Frau Luna&#8220;) starb 79j\u00e4hrig in Clausthal-Zellerfeld.<\/p>\n\n\n\n<p class=\"wp-block-paragraph\"><strong>35. Todestag<\/strong> von <strong>Frank Capra<\/strong>. Der US-amerikanische Filmregisseur von &#8222;It&#8217;s a Wonderful Life&#8220; und &#8222;Arsen und Spitzenh\u00e4ubchen&#8220; starb 94j\u00e4hrig.<\/p>\n\n\n\n<p class=\"wp-block-paragraph\"><strong>35. Todestag<\/strong> von <strong>Falk Harnack<\/strong>. Der deutsche Regisseur (&#8222;Das Beil von Wandsbek&#8220;, &#8222;Der 20. Juli&#8220;, &#8222;Anastasia &#8211; Die letzte Zarentochter&#8220;) starb 78j\u00e4hrig in Berlin.<\/p>\n\n\n\n<p class=\"wp-block-paragraph\"><strong>25. Todestag<\/strong> von <strong>Pauline Kael<\/strong>. Die US-amerikanische Filmkritikerin starb 82j\u00e4hrig.<\/p>\n\n\n\n<p class=\"wp-block-paragraph\"><strong>20. Todestag<\/strong> von <strong>Annemarie Wendl<\/strong>. Die deutsche Schauspielerin &#8211; bekannt als Else Kling in der ARD-Endlosserie &#8222;Lindenstra\u00dfe&#8220; &#8211; starb in M\u00fcnchen 91j\u00e4hrig an Herzversagen.<\/p>\n\n\n\n<pre class=\"wp-block-preformatted\">Mehr und ausf\u00fchrlichere Daten zum 3. September in unserem <a href=\"https:\/\/hinternet.de\/kalender\/0903.php\">Historischen Kalender<\/a><\/pre>\n","protected":false},"excerpt":{"rendered":"<p>Tag 246 des Jahres The first prerogative of an artist in any medium is to make a fool of himself. Pauline Kael Geburtstage: Vor 430 Jahren geboren: Nicolo Amati, italienischer Geigenbauer. Vor 100 Jahren geboren: * Todestage: 80. Todestag von Paul Lincke. Der deutsche Operettenkomponist (&#8222;Frau Luna&#8220;) starb 79j\u00e4hrig in Clausthal-Zellerfeld. 35. Todestag von Frank [&hellip;]<\/p>\n","protected":false},"author":2,"featured_media":0,"comment_status":"open","ping_status":"closed","sticky":false,"template":"","format":"standard","meta":{"footnotes":""},"categories":[10],"tags":[],"class_list":["post-43131","post","type-post","status-publish","format-standard","hentry","category-kalender"],"featured_image_src":null,"author_info":{"display_name":"mitty","author_link":"https:\/\/hinternet.de\/blog\/author\/walt_mitty\/"},"_links":{"self":[{"href":"https:\/\/hinternet.de\/blog\/wp-json\/wp\/v2\/posts\/43131","targetHints":{"allow":["GET"]}}],"collection":[{"href":"https:\/\/hinternet.de\/blog\/wp-json\/wp\/v2\/posts"}],"about":[{"href":"https:\/\/hinternet.de\/blog\/wp-json\/wp\/v2\/types\/post"}],"author":[{"embeddable":true,"href":"https:\/\/hinternet.de\/blog\/wp-json\/wp\/v2\/users\/2"}],"replies":[{"embeddable":true,"href":"https:\/\/hinternet.de\/blog\/wp-json\/wp\/v2\/comments?post=43131"}],"version-history":[{"count":0,"href":"https:\/\/hinternet.de\/blog\/wp-json\/wp\/v2\/posts\/43131\/revisions"}],"wp:attachment":[{"href":"https:\/\/hinternet.de\/blog\/wp-json\/wp\/v2\/media?parent=43131"}],"wp:term":[{"taxonomy":"category","embeddable":true,"href":"https:\/\/hinternet.de\/blog\/wp-json\/wp\/v2\/categories?post=43131"},{"taxonomy":"post_tag","embeddable":true,"href":"https:\/\/hinternet.de\/blog\/wp-json\/wp\/v2\/tags?post=43131"}],"curies":[{"name":"wp","href":"https:\/\/api.w.org\/{rel}","templated":true}]}}