{"id":43136,"date":"2026-09-06T00:01:00","date_gmt":"2026-09-05T22:01:00","guid":{"rendered":"https:\/\/hinternet.de\/blog\/?p=43136"},"modified":"2026-09-06T04:27:18","modified_gmt":"2026-09-06T02:27:18","slug":"kalenderblatt-6-september-2026","status":"publish","type":"post","link":"https:\/\/hinternet.de\/blog\/2026\/09\/kalenderblatt-6-september-2026\/","title":{"rendered":"Kalenderblatt 6. September 2026"},"content":{"rendered":"\n<pre class=\"wp-block-preformatted\">Tag 249 des Jahres<\/pre>\n\n\n\n<figure class=\"wp-block-pullquote\"><blockquote><p>I decided honestly that comic art is an art form in itself. It reflects the life and times more accurately and actually is more artistic than magazine illustration &#8211; since it is entirely creative. An illustrator works with camera and models; a comic artist begins with a white sheet of paper and dreams up his own business &#8211; he is playwright, director, editor and artist at once.<\/p><cite>Alex Raymond<\/cite><\/blockquote><\/figure>\n\n\n\n<p class=\"wp-block-paragraph\">Vor <strong>125 Jahren<\/strong>: <em>The president&#8217;s been shot<\/em>. W\u00e4hrend einer Ausstellung in Buffalo, New York wird der 25. Pr\u00e4sident der USA, <strong>William McKinley<\/strong> von Leon Czolgosz, einem polnischen Anarchisten, mit zwei Sch\u00fcssen niedergestreckt. McKinley stirbt acht Tage sp\u00e4ter und ist damit der dritte Pr\u00e4sident, der im Amt ermordet wird.<\/p>\n\n\n\n<p class=\"wp-block-paragraph\">Geburtstage:<\/p>\n\n\n\n<p class=\"wp-block-paragraph\">Vor <strong>260 Jahren<\/strong> geboren: <strong>John Dalton<\/strong>, britischer Wissenschaftler. Er entwickelte u.a. die Atomtheorie, legte die Grundlagen f\u00fcr das Periodensystem und definierte die Dalton&#8217;schen Gesetze. Er untersuchte auch als erster die Rotgr\u00fcnblindheit (an der er selbst litt) und die ihm zu Ehren auch als Daltonismus bezeichnet wird. Gestorben 27.7.1844<\/p>\n\n\n\n<p class=\"wp-block-paragraph\">Vor <strong>200 Jahren<\/strong> geboren: <strong>Leopold Ullstein<\/strong>, deutscher Unternehmer, der es vom Papierh\u00e4ndler zum Verleger brachte. 1877 begr\u00fcndet er mit dem Kauf des &#8222;Neuen Berliner Tagesblatts&#8220; den Ullstein-Verlag, 1878 kommt die &#8222;Berliner Zeitung&#8220; dazu und 1888 wird die &#8222;Berliner Morgenpost&#8220; aus der Taufe gehoben. Ullstein stirbt ein Jahr sp\u00e4ter.<\/p>\n\n\n\n<!--more-->\n\n\n\n<p class=\"wp-block-paragraph\">Vor <strong>120 Jahren<\/strong> geboren: <strong>Luis Federico Leloir<\/strong>, argentinischer Biochemiker. 1970 Nobelpreis f\u00fcr Chemie. gestorben 3.12.1987.<\/p>\n\n\n\n<p class=\"wp-block-paragraph\">Vor <strong>105 Jahren<\/strong> geboren: <strong>Norman Joseph Woodland<\/strong>, US-amerikanischer Miterfinder des Barcodes. Gestorben 9.12.2012.<\/p>\n\n\n\n<p class=\"wp-block-paragraph\">Vor <strong>65 Jahren<\/strong> geboren: <strong>Pal Waaktaar<\/strong>, norwegischer Gitarrist und S\u00e4nger bei a-ha.<\/p>\n\n\n\n<p class=\"wp-block-paragraph\">Vor <strong>65 Jahren<\/strong> geboren: <strong>Willy Astor<\/strong>, deutscher Musiker und Kabarettist.<\/p>\n\n\n\n<p class=\"wp-block-paragraph\">Vor <strong>55 Jahren<\/strong> geboren: <strong>Dolores O&#8217;Riordan<\/strong>, irische S\u00e4ngerin, Frontfrau der Cranberries (&#8222;Zombie&#8220;). Gestorben 15.1.2018.<\/p>\n\n\n\n<p class=\"has-text-align-center wp-block-paragraph\">*<\/p>\n\n\n\n<p class=\"wp-block-paragraph\">Todestage:<\/p>\n\n\n\n<p class=\"wp-block-paragraph\"><strong>70. Todestag<\/strong> von <strong>Alex Raymond<\/strong>. Der US-amerikanische Comiczeichner (&#8222;Flash Gordon&#8220;, &#8222;Jungle Jim&#8220;, &#8222;Rip Kirby&#8220;) starb in Westport, Connecticut als er mit \u00fcberh\u00f6hter Geschwindigkeit gegen einen Baum knallt.<\/p>\n\n\n\n<p class=\"wp-block-paragraph\"><strong>60. Todestag<\/strong> von <strong>Hendrik Verwoerd<\/strong>. Der s\u00fcdafrikanische Premierminister Hendrik Verwoerd wird in Kapstadt von dem Parlamentsdiener Dimtric Tsafondas niedergestochen und stirbt. Verwoerd war so etwas wie der Hauptarchitektder s\u00fcdafrikanischen Apardheitspolitik. Bereits 1960 wurde auf ihn ein Attentat ver\u00fcbt. Da\u00df er dieses unverletzt \u00fcberstand deutete er als Zustimmung Gottes f\u00fcr seine Arbeit.<\/p>\n\n\n\n<pre class=\"wp-block-preformatted\">Mehr und ausf\u00fchrlichere Daten zum 6. September in unserem <a href=\"https:\/\/hinternet.de\/kalender\/0906.php\">Historischen Kalender<\/a><\/pre>\n","protected":false},"excerpt":{"rendered":"<p>Tag 249 des Jahres I decided honestly that comic art is an art form in itself. It reflects the life and times more accurately and actually is more artistic than magazine illustration &#8211; since it is entirely creative. An illustrator works with camera and models; a comic artist begins with a white sheet of paper [&hellip;]<\/p>\n","protected":false},"author":2,"featured_media":0,"comment_status":"open","ping_status":"closed","sticky":false,"template":"","format":"standard","meta":{"footnotes":""},"categories":[10],"tags":[],"class_list":["post-43136","post","type-post","status-publish","format-standard","hentry","category-kalender"],"featured_image_src":null,"author_info":{"display_name":"mitty","author_link":"https:\/\/hinternet.de\/blog\/author\/walt_mitty\/"},"_links":{"self":[{"href":"https:\/\/hinternet.de\/blog\/wp-json\/wp\/v2\/posts\/43136","targetHints":{"allow":["GET"]}}],"collection":[{"href":"https:\/\/hinternet.de\/blog\/wp-json\/wp\/v2\/posts"}],"about":[{"href":"https:\/\/hinternet.de\/blog\/wp-json\/wp\/v2\/types\/post"}],"author":[{"embeddable":true,"href":"https:\/\/hinternet.de\/blog\/wp-json\/wp\/v2\/users\/2"}],"replies":[{"embeddable":true,"href":"https:\/\/hinternet.de\/blog\/wp-json\/wp\/v2\/comments?post=43136"}],"version-history":[{"count":0,"href":"https:\/\/hinternet.de\/blog\/wp-json\/wp\/v2\/posts\/43136\/revisions"}],"wp:attachment":[{"href":"https:\/\/hinternet.de\/blog\/wp-json\/wp\/v2\/media?parent=43136"}],"wp:term":[{"taxonomy":"category","embeddable":true,"href":"https:\/\/hinternet.de\/blog\/wp-json\/wp\/v2\/categories?post=43136"},{"taxonomy":"post_tag","embeddable":true,"href":"https:\/\/hinternet.de\/blog\/wp-json\/wp\/v2\/tags?post=43136"}],"curies":[{"name":"wp","href":"https:\/\/api.w.org\/{rel}","templated":true}]}}