{"id":5293,"date":"2011-06-16T00:04:26","date_gmt":"2011-06-15T23:04:26","guid":{"rendered":"http:\/\/hinternet.de\/blog\/?p=5293"},"modified":"2011-06-16T00:04:26","modified_gmt":"2011-06-15T23:04:26","slug":"ja-ist-denn-schon-weihnachten","status":"publish","type":"post","link":"https:\/\/hinternet.de\/blog\/2011\/06\/ja-ist-denn-schon-weihnachten\/","title":{"rendered":"Ja, ist denn schon Weihnachten?"},"content":{"rendered":"<div lang=\"x-western\"><a href=\"https:\/\/hinternet.de\/blog\/wp-content\/uploads\/2011\/06\/weihnachtenkommt1.jpg\"><img loading=\"lazy\" decoding=\"async\" class=\"aligncenter size-medium wp-image-5301\" title=\"Xmas in a box\" src=\"https:\/\/hinternet.de\/blog\/wp-content\/uploads\/2011\/06\/weihnachtenkommt1-300x200.jpg\" alt=\"\" width=\"300\" height=\"200\" srcset=\"https:\/\/hinternet.de\/blog\/wp-content\/uploads\/2011\/06\/weihnachtenkommt1-300x200.jpg 300w, https:\/\/hinternet.de\/blog\/wp-content\/uploads\/2011\/06\/weihnachtenkommt1-145x96.jpg 145w, https:\/\/hinternet.de\/blog\/wp-content\/uploads\/2011\/06\/weihnachtenkommt1.jpg 1000w\" sizes=\"auto, (max-width: 300px) 100vw, 300px\" \/><\/a>&nbsp;<\/p>\n<p>Nein, es ist noch ganz sch\u00f6n hin bis Weihnachten. Aber der fr\u00fche  Vogel&#8230; Ich plane als Quasi-Adventskalender ein selbstgemachtes  Weihnachtsdorf, das sich jeden Tag ein St\u00fcck erweitert. Ich muss mich  ranhalten.<!--more--><\/p>\n<p><a href=\"https:\/\/hinternet.de\/blog\/wp-content\/uploads\/2011\/06\/weihnachtenkommt2.jpg\"><img loading=\"lazy\" decoding=\"async\" class=\"aligncenter size-medium wp-image-5302\" title=\"Weihnachten in seine Einzelteile zerlegt\" src=\"https:\/\/hinternet.de\/blog\/wp-content\/uploads\/2011\/06\/weihnachtenkommt2-300x138.jpg\" alt=\"\" width=\"300\" height=\"138\" srcset=\"https:\/\/hinternet.de\/blog\/wp-content\/uploads\/2011\/06\/weihnachtenkommt2-300x138.jpg 300w, https:\/\/hinternet.de\/blog\/wp-content\/uploads\/2011\/06\/weihnachtenkommt2-145x66.jpg 145w, https:\/\/hinternet.de\/blog\/wp-content\/uploads\/2011\/06\/weihnachtenkommt2.jpg 1000w\" sizes=\"auto, (max-width: 300px) 100vw, 300px\" \/><\/a><\/p>\n<p>Ein bisschen was hab ich schon. Streichholzschachtel-H\u00e4user,  Pilzm\u00e4nnekens, S\u00fc\u00dfkram mit Augen, Filzb\u00e4ume, einen gefilzten Tomte  Tummetott. Ich hatte auch schon einen kleinen Fuchs gefilzt. Wo ist der  nur? Nicht in der Kiste. Mist. Ich sag ja: ich muss mich ranhalten&#8230;  Fortsetzung folgt.<\/p>\n<\/div>\n","protected":false},"excerpt":{"rendered":"<p>&nbsp; Nein, es ist noch ganz sch\u00f6n hin bis Weihnachten. Aber der fr\u00fche Vogel&#8230; Ich plane als Quasi-Adventskalender ein selbstgemachtes Weihnachtsdorf, das sich jeden Tag ein St\u00fcck erweitert. Ich muss mich ranhalten.<\/p>\n","protected":false},"author":1,"featured_media":0,"comment_status":"open","ping_status":"open","sticky":false,"template":"","format":"standard","meta":{"ub_ctt_via":"","footnotes":""},"categories":[66],"tags":[231,89,233,232],"class_list":["post-5293","post","type-post","status-publish","format-standard","hentry","category-frl-katja","tag-adventskalender","tag-basteln","tag-tomte-tummetott","tag-weihnachten"],"featured_image_src":null,"author_info":{"display_name":"","author_link":"https:\/\/hinternet.de\/blog\/author\/"},"_links":{"self":[{"href":"https:\/\/hinternet.de\/blog\/wp-json\/wp\/v2\/posts\/5293","targetHints":{"allow":["GET"]}}],"collection":[{"href":"https:\/\/hinternet.de\/blog\/wp-json\/wp\/v2\/posts"}],"about":[{"href":"https:\/\/hinternet.de\/blog\/wp-json\/wp\/v2\/types\/post"}],"author":[{"embeddable":true,"href":"https:\/\/hinternet.de\/blog\/wp-json\/wp\/v2\/users\/1"}],"replies":[{"embeddable":true,"href":"https:\/\/hinternet.de\/blog\/wp-json\/wp\/v2\/comments?post=5293"}],"version-history":[{"count":0,"href":"https:\/\/hinternet.de\/blog\/wp-json\/wp\/v2\/posts\/5293\/revisions"}],"wp:attachment":[{"href":"https:\/\/hinternet.de\/blog\/wp-json\/wp\/v2\/media?parent=5293"}],"wp:term":[{"taxonomy":"category","embeddable":true,"href":"https:\/\/hinternet.de\/blog\/wp-json\/wp\/v2\/categories?post=5293"},{"taxonomy":"post_tag","embeddable":true,"href":"https:\/\/hinternet.de\/blog\/wp-json\/wp\/v2\/tags?post=5293"}],"curies":[{"name":"wp","href":"https:\/\/api.w.org\/{rel}","templated":true}]}}