{"id":5360,"date":"2011-07-03T20:09:53","date_gmt":"2011-07-03T19:09:53","guid":{"rendered":"http:\/\/hinternet.de\/blog\/?p=5360"},"modified":"2011-07-11T01:03:34","modified_gmt":"2011-07-11T00:03:34","slug":"eurockeennes-2011-die-zweite","status":"publish","type":"post","link":"https:\/\/hinternet.de\/blog\/2011\/07\/eurockeennes-2011-die-zweite\/","title":{"rendered":"Eurock\u00e9ennes 2011, die zweite"},"content":{"rendered":"<h2>02.07.2011 (Tag 2)<\/h2>\n<p>Okay, neuer Tag, neues Gl\u00fcck. Der Pressebereich war noch immer so winzig wie gestern, aber daf\u00fcr entdeckten wir endlich den tags zuvor vermissten VIP-Bereich. Er wurde nur verlegt, nicht gestrichen. Dort war das aus den Vorjahren bekannte bunte Treiben mit vielen Essens- und Getr\u00e4nkest\u00e4nden, die u.a. s\u00fcndhaft teure belegte Bio-Brotscheiben, Flammkuchen, Pizzen und international bekanntes holl\u00e4ndisches Gro\u00dfsponsorenbier anzubieten hatten.<!--more--><\/p>\n<figure id=\"attachment_5362\" class=\"thumbnail wp-caption aligncenter\" style=\"width: 310px\"><a href=\"https:\/\/hinternet.de\/blog\/wp-content\/uploads\/2011\/07\/belfort1.jpg\"><img loading=\"lazy\" decoding=\"async\" class=\"size-medium wp-image-5362\" title=\"Eurockeennes 2011\" src=\"https:\/\/hinternet.de\/blog\/wp-content\/uploads\/2011\/07\/belfort1-300x200.jpg\" alt=\"\" width=\"300\" height=\"200\" srcset=\"https:\/\/hinternet.de\/blog\/wp-content\/uploads\/2011\/07\/belfort1-300x200.jpg 300w, https:\/\/hinternet.de\/blog\/wp-content\/uploads\/2011\/07\/belfort1-145x96.jpg 145w, https:\/\/hinternet.de\/blog\/wp-content\/uploads\/2011\/07\/belfort1.jpg 900w\" sizes=\"auto, (max-width: 300px) 100vw, 300px\" \/><\/a><figcaption class=\"caption wp-caption-text\">Foto: Cora Staab<\/figcaption><\/figure>\n<p>In Sachen Verzehr k\u00f6nnen sich andere Festivals sowieso eine gro\u00dfe Scheibe von den Eurock\u00e9ennes abschneiden. Das Angebot war \u00e4u\u00dferst international und umfasste libanesische, senegalesische, spanische, t\u00fcrkische, argentinische, mexikanische, amerikanische, italienische und nat\u00fcrlich franz\u00f6sische Spezialit\u00e4ten.<\/p>\n<p style=\"text-align: center;\">*<\/p>\n<h3>Anna Calvi<\/h3>\n<p>Die erste gesichtete Performance und auch gleich die erste Attraktion des Tages: Anna Calvi. Die Newcomerin, durchweg in allen Feuilletons und Musikgazetten gefeiert, wandelte am Nachmittag auf den Spuren von Polly Jean Harvey. Bei ihrem Edith Piaf-Cover &#8222;Jezebel&#8220; gab sie sich als exzentrische Singer-Songwriterin, die sich nicht daran st\u00f6rt, auch anzuecken und dem Mainstream in die Suppe zu spucken. Gerade besagtes Piaf-St\u00fcck wurde vom einheimischen Publikum frenetisch bejubelt und mit &#8222;Bravo! Bravo!&#8220; quittiert.<\/p>\n<p style=\"text-align: center;\">*<\/p>\n<figure id=\"attachment_5363\" class=\"thumbnail wp-caption aligncenter\" style=\"width: 210px\"><a href=\"https:\/\/hinternet.de\/blog\/wp-content\/uploads\/2011\/07\/belfort2.jpg\"><img loading=\"lazy\" decoding=\"async\" class=\"size-medium wp-image-5363\" title=\"Franz\u00f6sische Steampunks?\" src=\"https:\/\/hinternet.de\/blog\/wp-content\/uploads\/2011\/07\/belfort2-200x300.jpg\" alt=\"\" width=\"200\" height=\"300\" srcset=\"https:\/\/hinternet.de\/blog\/wp-content\/uploads\/2011\/07\/belfort2-200x300.jpg 200w, https:\/\/hinternet.de\/blog\/wp-content\/uploads\/2011\/07\/belfort2-100x150.jpg 100w, https:\/\/hinternet.de\/blog\/wp-content\/uploads\/2011\/07\/belfort2.jpg 600w\" sizes=\"auto, (max-width: 200px) 100vw, 200px\" \/><\/a><figcaption class=\"caption wp-caption-text\">Foto: Cora Staab<\/figcaption><\/figure>\n<p style=\"text-align: center;\">&nbsp;<\/p>\n<h3>Kyuss Lives!<\/h3>\n<p>Kyuss leben bekanntlich wieder &#8211; zumindest zu Dreivierteln. Am fr\u00fchen Abend stand John Garcia mit der teilwiedervereinten Band, ergo mit Bassist Nick Olivieri und Schlagzeuger Brant Bjork, auf der Strandb\u00fchne und pl\u00fcnderte den Backkatalog der ber\u00fchmten W\u00fcstenrocker. Der Wunschgedanke, Ex-Kyuss-Mitglied Josh Homme, der am selben Tag mit seinen Queens Of The Stone Age in Belfort Station machte, k\u00f6nnte doch vielleicht seinen drei ehemaligen Kollegen \u00fcberraschend zur Hand gehen, ging leider nicht in Erf\u00fcllung. Aber auch so und trotz des sehr m\u00e4\u00dfigen Sounds waren Kyuss Lives! gut.<\/p>\n<p>In Sachen Stoner Rock gab es noch eine erw\u00e4hnenswerte Band auf dem Festival zu bewundern: Drums Are For Parades. Harter, treibender W\u00fcstenrock mit Emo-Einfl\u00fcssen. Eine bis dato unbekannte, aber \u00fcberaus konzerttaugliche Mischung.<\/p>\n<p>(kfb)<\/p>\n<p style=\"text-align: center;\">*<\/p>\n<p>Nachtrag zu Tag 1: Es sind drei deutsche Vertreter bei den Eurock\u00e9ennes 2011: Boysnoize wurden im gestrigen Bericht str\u00e4flicherweise unter den Tisch fallen gelassen.<\/p>\n<p>* * *<\/p>\n<figure id=\"attachment_5364\" class=\"thumbnail wp-caption aligncenter\" style=\"width: 310px\"><a href=\"https:\/\/hinternet.de\/blog\/wp-content\/uploads\/2011\/07\/belfort3.jpg\"><img loading=\"lazy\" decoding=\"async\" class=\"size-medium wp-image-5364\" title=\"Abendimpressionen\" src=\"https:\/\/hinternet.de\/blog\/wp-content\/uploads\/2011\/07\/belfort3-300x151.jpg\" alt=\"\" width=\"300\" height=\"151\" srcset=\"https:\/\/hinternet.de\/blog\/wp-content\/uploads\/2011\/07\/belfort3-300x151.jpg 300w, https:\/\/hinternet.de\/blog\/wp-content\/uploads\/2011\/07\/belfort3-145x72.jpg 145w, https:\/\/hinternet.de\/blog\/wp-content\/uploads\/2011\/07\/belfort3.jpg 900w\" sizes=\"auto, (max-width: 300px) 100vw, 300px\" \/><\/a><figcaption class=\"caption wp-caption-text\">Foto: kfb<\/figcaption><\/figure>\n<p>&nbsp;<\/p>\n","protected":false},"excerpt":{"rendered":"<p>02.07.2011 (Tag 2) Okay, neuer Tag, neues Gl\u00fcck. Der Pressebereich war noch immer so winzig wie gestern, aber daf\u00fcr entdeckten wir endlich den tags zuvor vermissten VIP-Bereich. Er wurde nur verlegt, nicht gestrichen. Dort war das aus den Vorjahren bekannte bunte Treiben mit vielen Essens- und Getr\u00e4nkest\u00e4nden, die u.a. s\u00fcndhaft teure belegte Bio-Brotscheiben, Flammkuchen, Pizzen [&hellip;]<\/p>\n","protected":false},"author":1,"featured_media":0,"comment_status":"open","ping_status":"open","sticky":false,"template":"","format":"standard","meta":{"ub_ctt_via":"","footnotes":""},"categories":[12],"tags":[279,244,281,241,242,280],"class_list":["post-5360","post","type-post","status-publish","format-standard","hentry","category-musik","tag-anna-calvi","tag-belfort","tag-drums-are-for-parades","tag-eurockeennes","tag-festival","tag-kyuss-lives"],"featured_image_src":null,"author_info":{"display_name":"","author_link":"https:\/\/hinternet.de\/blog\/author\/"},"_links":{"self":[{"href":"https:\/\/hinternet.de\/blog\/wp-json\/wp\/v2\/posts\/5360","targetHints":{"allow":["GET"]}}],"collection":[{"href":"https:\/\/hinternet.de\/blog\/wp-json\/wp\/v2\/posts"}],"about":[{"href":"https:\/\/hinternet.de\/blog\/wp-json\/wp\/v2\/types\/post"}],"author":[{"embeddable":true,"href":"https:\/\/hinternet.de\/blog\/wp-json\/wp\/v2\/users\/1"}],"replies":[{"embeddable":true,"href":"https:\/\/hinternet.de\/blog\/wp-json\/wp\/v2\/comments?post=5360"}],"version-history":[{"count":0,"href":"https:\/\/hinternet.de\/blog\/wp-json\/wp\/v2\/posts\/5360\/revisions"}],"wp:attachment":[{"href":"https:\/\/hinternet.de\/blog\/wp-json\/wp\/v2\/media?parent=5360"}],"wp:term":[{"taxonomy":"category","embeddable":true,"href":"https:\/\/hinternet.de\/blog\/wp-json\/wp\/v2\/categories?post=5360"},{"taxonomy":"post_tag","embeddable":true,"href":"https:\/\/hinternet.de\/blog\/wp-json\/wp\/v2\/tags?post=5360"}],"curies":[{"name":"wp","href":"https:\/\/api.w.org\/{rel}","templated":true}]}}